{"id":69177,"date":"2023-12-05T12:02:30","date_gmt":"2023-12-05T15:02:30","guid":{"rendered":"https:\/\/www.todoeldia.com\/?p=69177"},"modified":"2023-12-05T12:02:33","modified_gmt":"2023-12-05T15:02:33","slug":"ni-para-hacer-changas-le-secuestraron-el-auto-con-el-que-hacia-de-remis-a-general-guemes","status":"publish","type":"post","link":"https:\/\/www.todoeldia.com\/index.php\/2023\/12\/05\/ni-para-hacer-changas-le-secuestraron-el-auto-con-el-que-hacia-de-remis-a-general-guemes\/","title":{"rendered":"\u00a1Ni para hacer changas!: le secuestraron el auto con el que hac\u00eda de remis a General G\u00fcemes"},"content":{"rendered":"\n<p>Esta ma\u00f1ana, efectivos de la Direcci\u00f3n General de Seguridad Vial infraccionaron al conductor de un autom\u00f3vil particular que transportaba pasajeros desde capital hacia la ciudad de General G\u00fcemes.<\/p>\n\n\n\n<p>Pasadas las 9 de la ma\u00f1ana, efectivos de la Secci\u00f3n Transporte de Pasajeros de la Direcci\u00f3n General de Seguridad Vial que realizaban control en Ruta Nacional N\u00b0 9 ex peaje Aunor, fiscalizaron al conductor de un autom\u00f3vil particular.<\/p>\n\n\n\n<p>Durante la entrevista se pudo conocer que en el veh\u00edculo transportaba a dos pasajeros que ten\u00edan como destino la ciudad de General G\u00fcemes. Al solicitarle la documentaci\u00f3n y permisos necesarios para el transporte de pasajeros, el conductor manifest\u00f3 no contar con permiso alguno, por lo que se dio intervenci\u00f3n a personal de Autoridad Metropolitana de Transporte.<\/p>\n\n\n\n<p>El conductor, un hombre de 39 a\u00f1os, fue infraccionado, quedando el veh\u00edculo retenido a disposici\u00f3n de dicha autoridad.<\/p>\n","protected":false},"excerpt":{"rendered":"<p>Esta ma\u00f1ana, efectivos de la Direcci\u00f3n General de Seguridad Vial infraccionaron al conductor de un autom\u00f3vil particular que transportaba pasajeros desde capital hacia la ciudad de General G\u00fcemes. Pasadas las 9 de la ma\u00f1ana, efectivos de la Secci\u00f3n Transporte de Pasajeros de la Direcci\u00f3n General de Seguridad Vial que realizaban control en Ruta Nacional N\u00b0 [&hellip;]<\/p>\n","protected":false},"author":2,"featured_media":69178,"comment_status":"open","ping_status":"open","sticky":false,"template":"","format":"standard","meta":{"tdm_status":"","tdm_grid_status":"","_joinchat":[],"footnotes":""},"categories":[73],"tags":[],"class_list":{"0":"post-69177","1":"post","2":"type-post","3":"status-publish","4":"format-standard","5":"has-post-thumbnail","7":"category-noticias-general"},"amp_enabled":true,"_links":{"self":[{"href":"https:\/\/www.todoeldia.com\/index.php\/wp-json\/wp\/v2\/posts\/69177","targetHints":{"allow":["GET"]}}],"collection":[{"href":"https:\/\/www.todoeldia.com\/index.php\/wp-json\/wp\/v2\/posts"}],"about":[{"href":"https:\/\/www.todoeldia.com\/index.php\/wp-json\/wp\/v2\/types\/post"}],"author":[{"embeddable":true,"href":"https:\/\/www.todoeldia.com\/index.php\/wp-json\/wp\/v2\/users\/2"}],"replies":[{"embeddable":true,"href":"https:\/\/www.todoeldia.com\/index.php\/wp-json\/wp\/v2\/comments?post=69177"}],"version-history":[{"count":1,"href":"https:\/\/www.todoeldia.com\/index.php\/wp-json\/wp\/v2\/posts\/69177\/revisions"}],"predecessor-version":[{"id":69179,"href":"https:\/\/www.todoeldia.com\/index.php\/wp-json\/wp\/v2\/posts\/69177\/revisions\/69179"}],"wp:featuredmedia":[{"embeddable":true,"href":"https:\/\/www.todoeldia.com\/index.php\/wp-json\/wp\/v2\/media\/69178"}],"wp:attachment":[{"href":"https:\/\/www.todoeldia.com\/index.php\/wp-json\/wp\/v2\/media?parent=69177"}],"wp:term":[{"taxonomy":"category","embeddable":true,"href":"https:\/\/www.todoeldia.com\/index.php\/wp-json\/wp\/v2\/categories?post=69177"},{"taxonomy":"post_tag","embeddable":true,"href":"https:\/\/www.todoeldia.com\/index.php\/wp-json\/wp\/v2\/tags?post=69177"}],"curies":[{"name":"wp","href":"https:\/\/api.w.org\/{rel}","templated":true}]}}