{"id":69189,"date":"2023-12-05T12:38:21","date_gmt":"2023-12-05T15:38:21","guid":{"rendered":"https:\/\/www.todoeldia.com\/?p=69189"},"modified":"2023-12-05T12:38:25","modified_gmt":"2023-12-05T15:38:25","slug":"una-joven-cordobesa-sufrio-un-acv-luego-de-presenciar-un-asesinato-en-mexico","status":"publish","type":"post","link":"https:\/\/www.todoeldia.com\/index.php\/2023\/12\/05\/una-joven-cordobesa-sufrio-un-acv-luego-de-presenciar-un-asesinato-en-mexico\/","title":{"rendered":"Una joven cordobesa sufri\u00f3 un ACV luego de presenciar un asesinato en M\u00e9xico"},"content":{"rendered":"\n<p>Carolina Cama\u00f1o se encuentra internada en un hospital p\u00fablico de Playa del Carmen, pero necesita ser trasladada a otro centro m\u00e9dico para ser operada.<\/p>\n\n\n\n<p>Carolina Soledad Cama\u00f1o, de 31 a\u00f1os, se encuentra hospitalizada en Playa del Carmen, M\u00e9xico, luego de sufrir un accidente cerebrovascular (ACV) al presenciar un homicidio en la playa. La mujer cordobesa se encuentra internada en un hospital p\u00fablico, pero necesita ser trasladada a otro centro m\u00e9dico para ser operada.<\/p>\n\n\n\n<p>La familia solicita ayuda para recaudar los fondos necesarios para la intervenci\u00f3n quir\u00fargica urgente. Tras la internaci\u00f3n de la argentina, se descubri\u00f3 que tiene un aneurisma del tama\u00f1o de una pera, y se espera su traslado a M\u00e9rida, donde se le realizar\u00eda una cirug\u00eda importante.<\/p>\n\n\n\n<p>Juan Cama\u00f1o, padre de Carolina, explic\u00f3 que la operaci\u00f3n tiene un costo aproximado de 20 mil d\u00f3lares, que representa una opci\u00f3n m\u00e1s accesible en comparaci\u00f3n con un hospital privado, donde el gasto ser\u00eda de 50 mil d\u00f3lares. El hecho sucedi\u00f3 el pasado domingo 26 de noviembre, cuando la joven estaba en la playa. All\u00ed fue testigo de un crimen, escena que la impact\u00f3 y que, al regreso a la casa, le provoc\u00f3 convulsiones. Su cuadro se agrav\u00f3 con el paso de los d\u00edas y, desde entonces, est\u00e1 internada en un hospital.<\/p>\n\n\n\n<figure class=\"wp-block-image size-full is-resized\"><img loading=\"lazy\" decoding=\"async\" width=\"768\" height=\"512\" src=\"https:\/\/www.todoeldia.com\/wp-content\/uploads\/2023\/12\/image-51.png\" alt=\"\" class=\"wp-image-69191\" style=\"width:914px;height:auto\" srcset=\"https:\/\/www.todoeldia.com\/wp-content\/uploads\/2023\/12\/image-51.png 768w, https:\/\/www.todoeldia.com\/wp-content\/uploads\/2023\/12\/image-51-300x200.png 300w, https:\/\/www.todoeldia.com\/wp-content\/uploads\/2023\/12\/image-51-696x464.png 696w, https:\/\/www.todoeldia.com\/wp-content\/uploads\/2023\/12\/image-51-630x420.png 630w\" sizes=\"auto, (max-width: 768px) 100vw, 768px\" \/><\/figure>\n\n\n\n<p>Los amigos de la joven cordobesa la llevaron al centro de salud de Playa del Carmen, donde \u201cestuvo dos d\u00edas inconsciente\u201d. Cuando lograron estabilizarla, le dieron el alta. Sin embargo, continu\u00f3 con v\u00f3mitos, mareos y convulsiones, revel\u00f3 su padre, Juan Cama\u00f1o, en di\u00e1logo con Canal Doce de C\u00f3rdoba. Asimismo, insisti\u00f3 en que su hija debe ser trasladada lo m\u00e1s r\u00e1pido posible a otro hospital de alta complejidad, porque en el hospital en que se encuentra no posee el equipamiento para realizar la intervenci\u00f3n quir\u00fargica. Respecto a la necesidad de dinero para costear la operaci\u00f3n, explic\u00f3: \u201cLo \u00fanico que cubre el consulado es el traslado y la hospitalizaci\u00f3n, no la intervenci\u00f3n\u201d, asegur\u00f3.<\/p>\n\n\n\n<p>De hecho, revel\u00f3 que los amigos juntaron dinero para realizarle una angiotomograf\u00eda de cr\u00e1neo en una cl\u00ednica privada. All\u00ed se le diagnostic\u00f3 un \u201caneurisma muy grande y eso requiere de una intervenci\u00f3n urgente\u201d. \u201cEl neur\u00f3logo dijo que la operaci\u00f3n va a ser un desaf\u00edo grande por la complejidad\u201d, asegur\u00f3 el padre de la joven. Al tiempo que una amiga de Carolina, Florencia Chincuini, aclar\u00f3 que \u201csi no llega a tiempo no hay otra soluci\u00f3n, porque no puede estar m\u00e1s d\u00edas sedada\u201d.<\/p>\n","protected":false},"excerpt":{"rendered":"<p>Carolina Cama\u00f1o se encuentra internada en un hospital p\u00fablico de Playa del Carmen, pero necesita ser trasladada a otro centro m\u00e9dico para ser operada. Carolina Soledad Cama\u00f1o, de 31 a\u00f1os, se encuentra hospitalizada en Playa del Carmen, M\u00e9xico, luego de sufrir un accidente cerebrovascular (ACV) al presenciar un homicidio en la playa. La mujer cordobesa [&hellip;]<\/p>\n","protected":false},"author":2,"featured_media":69190,"comment_status":"open","ping_status":"open","sticky":false,"template":"","format":"standard","meta":{"tdm_status":"","tdm_grid_status":"","_joinchat":[],"footnotes":""},"categories":[73],"tags":[],"class_list":{"0":"post-69189","1":"post","2":"type-post","3":"status-publish","4":"format-standard","5":"has-post-thumbnail","7":"category-noticias-general"},"amp_enabled":true,"_links":{"self":[{"href":"https:\/\/www.todoeldia.com\/index.php\/wp-json\/wp\/v2\/posts\/69189","targetHints":{"allow":["GET"]}}],"collection":[{"href":"https:\/\/www.todoeldia.com\/index.php\/wp-json\/wp\/v2\/posts"}],"about":[{"href":"https:\/\/www.todoeldia.com\/index.php\/wp-json\/wp\/v2\/types\/post"}],"author":[{"embeddable":true,"href":"https:\/\/www.todoeldia.com\/index.php\/wp-json\/wp\/v2\/users\/2"}],"replies":[{"embeddable":true,"href":"https:\/\/www.todoeldia.com\/index.php\/wp-json\/wp\/v2\/comments?post=69189"}],"version-history":[{"count":1,"href":"https:\/\/www.todoeldia.com\/index.php\/wp-json\/wp\/v2\/posts\/69189\/revisions"}],"predecessor-version":[{"id":69192,"href":"https:\/\/www.todoeldia.com\/index.php\/wp-json\/wp\/v2\/posts\/69189\/revisions\/69192"}],"wp:featuredmedia":[{"embeddable":true,"href":"https:\/\/www.todoeldia.com\/index.php\/wp-json\/wp\/v2\/media\/69190"}],"wp:attachment":[{"href":"https:\/\/www.todoeldia.com\/index.php\/wp-json\/wp\/v2\/media?parent=69189"}],"wp:term":[{"taxonomy":"category","embeddable":true,"href":"https:\/\/www.todoeldia.com\/index.php\/wp-json\/wp\/v2\/categories?post=69189"},{"taxonomy":"post_tag","embeddable":true,"href":"https:\/\/www.todoeldia.com\/index.php\/wp-json\/wp\/v2\/tags?post=69189"}],"curies":[{"name":"wp","href":"https:\/\/api.w.org\/{rel}","templated":true}]}}