{"id":69201,"date":"2023-12-05T16:32:09","date_gmt":"2023-12-05T19:32:09","guid":{"rendered":"https:\/\/www.todoeldia.com\/?p=69201"},"modified":"2023-12-05T16:32:12","modified_gmt":"2023-12-05T19:32:12","slug":"le-secuestraron-el-auto-se-lo-llevaron-a-la-comisaria-y-le-cayo-un-arbol-encima","status":"publish","type":"post","link":"https:\/\/www.todoeldia.com\/index.php\/2023\/12\/05\/le-secuestraron-el-auto-se-lo-llevaron-a-la-comisaria-y-le-cayo-un-arbol-encima\/","title":{"rendered":"Le secuestraron el auto, se lo llevaron a la comisar\u00eda y le cay\u00f3 un \u00e1rbol encima"},"content":{"rendered":"\n<p>El veh\u00edculo se lo devolv\u00edan entre hoy y ma\u00f1ana.<\/p>\n\n\n\n<p>El temporal, que azot\u00f3 a la ciudad el s\u00e1bado, con sus coletazos provoc\u00f3 da\u00f1os en veh\u00edculos tras la ca\u00edda de \u00e1rboles.<\/p>\n\n\n\n<p>Ahora bien, uno en particular llam\u00f3 la atenci\u00f3n ya que la ca\u00edda de un ejemplar de eucaliptus cay\u00f3 sobre un auto que estaba en condici\u00f3n de secuestro en la Comisaria octava del Portezuelo.<\/p>\n\n\n\n<figure class=\"wp-block-image size-full is-resized\"><img loading=\"lazy\" decoding=\"async\" width=\"679\" height=\"382\" src=\"https:\/\/www.todoeldia.com\/wp-content\/uploads\/2023\/12\/image-54.png\" alt=\"\" class=\"wp-image-69203\" style=\"width:914px;height:auto\" srcset=\"https:\/\/www.todoeldia.com\/wp-content\/uploads\/2023\/12\/image-54.png 679w, https:\/\/www.todoeldia.com\/wp-content\/uploads\/2023\/12\/image-54-300x169.png 300w\" sizes=\"auto, (max-width: 679px) 100vw, 679px\" \/><\/figure>\n\n\n\n<p>En di\u00e1logo con Aries el due\u00f1o del veh\u00edculo, Ra\u00fal Figueroa, cont\u00f3 que el auto fue secuestrado hace dos semanas, aproximadamente, en ocasi\u00f3n que su hija lo usaba como remis y un pasajero cometi\u00f3 un il\u00edcito.<\/p>\n\n\n\n<figure class=\"wp-block-image size-full is-resized\"><img loading=\"lazy\" decoding=\"async\" width=\"360\" height=\"202\" src=\"https:\/\/www.todoeldia.com\/wp-content\/uploads\/2023\/12\/image-55.png\" alt=\"\" class=\"wp-image-69204\" style=\"width:914px;height:auto\" srcset=\"https:\/\/www.todoeldia.com\/wp-content\/uploads\/2023\/12\/image-55.png 360w, https:\/\/www.todoeldia.com\/wp-content\/uploads\/2023\/12\/image-55-300x168.png 300w\" sizes=\"auto, (max-width: 360px) 100vw, 360px\" \/><\/figure>\n\n\n\n<p>Ra\u00fal destac\u00f3 que se dio con la noticia por una conocida, justific\u00e1ndose la polic\u00eda que no ten\u00edan como comunicarse con \u00e9l. Al llegar al lugar, el hombre confes\u00f3 su sorpresa y remarc\u00f3 que a\u00fan desconoce la magnitud del da\u00f1o y cuanto le costar\u00e1 la reparaci\u00f3n, dado que asegur\u00f3 nadie se responsabiliza por el hecho.<\/p>\n\n\n\n<p>\u201cEl jueves pasado se solucion\u00f3 todo, me dieron las altas, liberaron a mi hija y me comunican que estaba todo solucionado\u201d, relat\u00f3.<\/p>\n\n\n\n<p>Asimismo, agreg\u00f3 que, entre hoy y ma\u00f1ana le entregaban el auto y ocurri\u00f3 esto, se lament\u00f3.<\/p>\n\n\n\n<p>FM Aries<\/p>\n","protected":false},"excerpt":{"rendered":"<p>El veh\u00edculo se lo devolv\u00edan entre hoy y ma\u00f1ana. El temporal, que azot\u00f3 a la ciudad el s\u00e1bado, con sus coletazos provoc\u00f3 da\u00f1os en veh\u00edculos tras la ca\u00edda de \u00e1rboles. Ahora bien, uno en particular llam\u00f3 la atenci\u00f3n ya que la ca\u00edda de un ejemplar de eucaliptus cay\u00f3 sobre un auto que estaba en condici\u00f3n [&hellip;]<\/p>\n","protected":false},"author":2,"featured_media":69202,"comment_status":"open","ping_status":"open","sticky":false,"template":"","format":"standard","meta":{"tdm_status":"","tdm_grid_status":"","_joinchat":[],"footnotes":""},"categories":[73],"tags":[],"class_list":{"0":"post-69201","1":"post","2":"type-post","3":"status-publish","4":"format-standard","5":"has-post-thumbnail","7":"category-noticias-general"},"amp_enabled":true,"_links":{"self":[{"href":"https:\/\/www.todoeldia.com\/index.php\/wp-json\/wp\/v2\/posts\/69201","targetHints":{"allow":["GET"]}}],"collection":[{"href":"https:\/\/www.todoeldia.com\/index.php\/wp-json\/wp\/v2\/posts"}],"about":[{"href":"https:\/\/www.todoeldia.com\/index.php\/wp-json\/wp\/v2\/types\/post"}],"author":[{"embeddable":true,"href":"https:\/\/www.todoeldia.com\/index.php\/wp-json\/wp\/v2\/users\/2"}],"replies":[{"embeddable":true,"href":"https:\/\/www.todoeldia.com\/index.php\/wp-json\/wp\/v2\/comments?post=69201"}],"version-history":[{"count":1,"href":"https:\/\/www.todoeldia.com\/index.php\/wp-json\/wp\/v2\/posts\/69201\/revisions"}],"predecessor-version":[{"id":69205,"href":"https:\/\/www.todoeldia.com\/index.php\/wp-json\/wp\/v2\/posts\/69201\/revisions\/69205"}],"wp:featuredmedia":[{"embeddable":true,"href":"https:\/\/www.todoeldia.com\/index.php\/wp-json\/wp\/v2\/media\/69202"}],"wp:attachment":[{"href":"https:\/\/www.todoeldia.com\/index.php\/wp-json\/wp\/v2\/media?parent=69201"}],"wp:term":[{"taxonomy":"category","embeddable":true,"href":"https:\/\/www.todoeldia.com\/index.php\/wp-json\/wp\/v2\/categories?post=69201"},{"taxonomy":"post_tag","embeddable":true,"href":"https:\/\/www.todoeldia.com\/index.php\/wp-json\/wp\/v2\/tags?post=69201"}],"curies":[{"name":"wp","href":"https:\/\/api.w.org\/{rel}","templated":true}]}}