{"id":69211,"date":"2023-12-05T19:54:18","date_gmt":"2023-12-05T22:54:18","guid":{"rendered":"https:\/\/www.todoeldia.com\/?p=69211"},"modified":"2023-12-05T19:54:24","modified_gmt":"2023-12-05T22:54:24","slug":"luis-caputo-hablo-tras-reunirse-con-javier-milei-estamos-recibiendo-la-peor-herencia-de-la-historia","status":"publish","type":"post","link":"https:\/\/www.todoeldia.com\/index.php\/2023\/12\/05\/luis-caputo-hablo-tras-reunirse-con-javier-milei-estamos-recibiendo-la-peor-herencia-de-la-historia\/","title":{"rendered":"Luis Caputo habl\u00f3 tras reunirse con Javier Milei: &#8220;Estamos recibiendo la peor herencia de la historia&#8221;"},"content":{"rendered":"\n<p>El pr\u00f3ximo ministro de Econom\u00eda habl\u00f3 con la prensa y asegur\u00f3: &#8220;Los planes vienen muy bien, pero lo que tengamos para decir lo vamos a hacer m\u00e1s adelante. El equipo est\u00e1 trabajando a full, tratando de comunicar lo mejor posible&#8221;.<\/p>\n\n\n\n<p>Tambi\u00e9n aclar\u00f3 que &#8220;est\u00e1 casi todo el gabinete completo&#8221; y opin\u00f3: &#8220;Son gente de primer\u00edsima l\u00ednea y estamos contentos, pero todo se va a anunciar como corresponde el domingo&#8221;.<\/p>\n","protected":false},"excerpt":{"rendered":"<p>El pr\u00f3ximo ministro de Econom\u00eda habl\u00f3 con la prensa y asegur\u00f3: &#8220;Los planes vienen muy bien, pero lo que tengamos para decir lo vamos a hacer m\u00e1s adelante. El equipo est\u00e1 trabajando a full, tratando de comunicar lo mejor posible&#8221;. Tambi\u00e9n aclar\u00f3 que &#8220;est\u00e1 casi todo el gabinete completo&#8221; y opin\u00f3: &#8220;Son gente de primer\u00edsima [&hellip;]<\/p>\n","protected":false},"author":2,"featured_media":68448,"comment_status":"open","ping_status":"open","sticky":false,"template":"","format":"standard","meta":{"tdm_status":"","tdm_grid_status":"","_joinchat":[],"footnotes":""},"categories":[60],"tags":[],"class_list":{"0":"post-69211","1":"post","2":"type-post","3":"status-publish","4":"format-standard","5":"has-post-thumbnail","7":"category-economia"},"amp_enabled":true,"_links":{"self":[{"href":"https:\/\/www.todoeldia.com\/index.php\/wp-json\/wp\/v2\/posts\/69211","targetHints":{"allow":["GET"]}}],"collection":[{"href":"https:\/\/www.todoeldia.com\/index.php\/wp-json\/wp\/v2\/posts"}],"about":[{"href":"https:\/\/www.todoeldia.com\/index.php\/wp-json\/wp\/v2\/types\/post"}],"author":[{"embeddable":true,"href":"https:\/\/www.todoeldia.com\/index.php\/wp-json\/wp\/v2\/users\/2"}],"replies":[{"embeddable":true,"href":"https:\/\/www.todoeldia.com\/index.php\/wp-json\/wp\/v2\/comments?post=69211"}],"version-history":[{"count":1,"href":"https:\/\/www.todoeldia.com\/index.php\/wp-json\/wp\/v2\/posts\/69211\/revisions"}],"predecessor-version":[{"id":69212,"href":"https:\/\/www.todoeldia.com\/index.php\/wp-json\/wp\/v2\/posts\/69211\/revisions\/69212"}],"wp:featuredmedia":[{"embeddable":true,"href":"https:\/\/www.todoeldia.com\/index.php\/wp-json\/wp\/v2\/media\/68448"}],"wp:attachment":[{"href":"https:\/\/www.todoeldia.com\/index.php\/wp-json\/wp\/v2\/media?parent=69211"}],"wp:term":[{"taxonomy":"category","embeddable":true,"href":"https:\/\/www.todoeldia.com\/index.php\/wp-json\/wp\/v2\/categories?post=69211"},{"taxonomy":"post_tag","embeddable":true,"href":"https:\/\/www.todoeldia.com\/index.php\/wp-json\/wp\/v2\/tags?post=69211"}],"curies":[{"name":"wp","href":"https:\/\/api.w.org\/{rel}","templated":true}]}}