{"id":69213,"date":"2023-12-05T19:59:48","date_gmt":"2023-12-05T22:59:48","guid":{"rendered":"https:\/\/www.todoeldia.com\/?p=69213"},"modified":"2023-12-05T19:59:51","modified_gmt":"2023-12-05T22:59:51","slug":"asuncion-presidencial-de-javier-milei-horario-y-quienes-vienen","status":"publish","type":"post","link":"https:\/\/www.todoeldia.com\/index.php\/2023\/12\/05\/asuncion-presidencial-de-javier-milei-horario-y-quienes-vienen\/","title":{"rendered":"Asunci\u00f3n presidencial de Javier Milei: horario y qui\u00e9nes vienen"},"content":{"rendered":"\n<p>La asunci\u00f3n presidencial de Javier Milei se har\u00e1 el domingo 10 de diciembre y la entrega de los atributos del mando de parte del mandatario saliente, Alberto Fern\u00e1ndez, ser\u00edan en el mismo Congreso, tras la jura ante la Asamblea Legislativa que empezar\u00e1 a las 11:00, y no en Casa Rosada, como se realizaba habitualmente.<\/p>\n\n\n\n<p>Entre los presidentes que confirmaron su presencia a la ceremonia est\u00e1n el mandatario de Chile, Gabriel Boric, el de Uruguay, Luis Lacalle Pou, el Rey de Espa\u00f1a, Felipe VI, los jefes de Estado de Paraguay, Santiago Pe\u00f1a, de El Salvador, Nayib Bukele, y el primer ministro de Hungr\u00eda, V\u00edktor Orb\u00e1n.<\/p>\n","protected":false},"excerpt":{"rendered":"<p>La asunci\u00f3n presidencial de Javier Milei se har\u00e1 el domingo 10 de diciembre y la entrega de los atributos del mando de parte del mandatario saliente, Alberto Fern\u00e1ndez, ser\u00edan en el mismo Congreso, tras la jura ante la Asamblea Legislativa que empezar\u00e1 a las 11:00, y no en Casa Rosada, como se realizaba habitualmente. Entre [&hellip;]<\/p>\n","protected":false},"author":2,"featured_media":69214,"comment_status":"open","ping_status":"open","sticky":false,"template":"","format":"standard","meta":{"tdm_status":"","tdm_grid_status":"","_joinchat":[],"footnotes":""},"categories":[59],"tags":[],"class_list":{"0":"post-69213","1":"post","2":"type-post","3":"status-publish","4":"format-standard","5":"has-post-thumbnail","7":"category-politica"},"amp_enabled":true,"_links":{"self":[{"href":"https:\/\/www.todoeldia.com\/index.php\/wp-json\/wp\/v2\/posts\/69213","targetHints":{"allow":["GET"]}}],"collection":[{"href":"https:\/\/www.todoeldia.com\/index.php\/wp-json\/wp\/v2\/posts"}],"about":[{"href":"https:\/\/www.todoeldia.com\/index.php\/wp-json\/wp\/v2\/types\/post"}],"author":[{"embeddable":true,"href":"https:\/\/www.todoeldia.com\/index.php\/wp-json\/wp\/v2\/users\/2"}],"replies":[{"embeddable":true,"href":"https:\/\/www.todoeldia.com\/index.php\/wp-json\/wp\/v2\/comments?post=69213"}],"version-history":[{"count":1,"href":"https:\/\/www.todoeldia.com\/index.php\/wp-json\/wp\/v2\/posts\/69213\/revisions"}],"predecessor-version":[{"id":69215,"href":"https:\/\/www.todoeldia.com\/index.php\/wp-json\/wp\/v2\/posts\/69213\/revisions\/69215"}],"wp:featuredmedia":[{"embeddable":true,"href":"https:\/\/www.todoeldia.com\/index.php\/wp-json\/wp\/v2\/media\/69214"}],"wp:attachment":[{"href":"https:\/\/www.todoeldia.com\/index.php\/wp-json\/wp\/v2\/media?parent=69213"}],"wp:term":[{"taxonomy":"category","embeddable":true,"href":"https:\/\/www.todoeldia.com\/index.php\/wp-json\/wp\/v2\/categories?post=69213"},{"taxonomy":"post_tag","embeddable":true,"href":"https:\/\/www.todoeldia.com\/index.php\/wp-json\/wp\/v2\/tags?post=69213"}],"curies":[{"name":"wp","href":"https:\/\/api.w.org\/{rel}","templated":true}]}}