{"id":69224,"date":"2023-12-05T20:23:38","date_gmt":"2023-12-05T23:23:38","guid":{"rendered":"https:\/\/www.todoeldia.com\/?p=69224"},"modified":"2023-12-05T20:23:40","modified_gmt":"2023-12-05T23:23:40","slug":"crimen-de-lucio-dupuy-la-jueza-del-caso-ira-a-juicio-por-no-cumplir-con-su-labor-profesional","status":"publish","type":"post","link":"https:\/\/www.todoeldia.com\/index.php\/2023\/12\/05\/crimen-de-lucio-dupuy-la-jueza-del-caso-ira-a-juicio-por-no-cumplir-con-su-labor-profesional\/","title":{"rendered":"Crimen de Lucio Dupuy: la jueza del caso ir\u00e1 a juicio por no cumplir con su labor profesional"},"content":{"rendered":"\n<p>Ana Clara P\u00e9rez Ballester y la asesora Elisa Alejandra Cat\u00e1n est\u00e1n acusadas de no cumplir con su labor profesional para as\u00ed evitar la muerte del chico de cinco a\u00f1os en manos de su mam\u00e1 y la pareja, ambas condenadas a prisi\u00f3n perpetua.<\/p>\n\n\n\n<p>En este sentido, la jueza Ana Clara P\u00e9rez Ballester y la asesora Elisa Alejandra Cat\u00e1n deber\u00e1n enfrentar el pr\u00f3ximo lunes 11 de diciembre el juicio por los delitos en su contra.<\/p>\n\n\n\n<p>Durante la primera audiencia se leer\u00e1 la acusaci\u00f3n fiscal, los escritos de las defensas y se les tomar\u00e1n declaraciones a las dos funcionarias.<\/p>\n\n\n\n<p>Se espera que el juicio dure cuatro d\u00edas y el martes 19 de diciembre se dar\u00e1n a conocer los alegatos. Acerca de la sentencia, informaron que se realizar\u00e1 el viernes 22.<\/p>\n\n\n\n<p>La llegada de ambas letradas a debate oral se debe a que el procurador general provincial, Mario Oscar Bongianino, las acus\u00f3 de \u201cmal desempe\u00f1o\u201d en la tramitaci\u00f3n de los expedientes.<\/p>\n\n\n\n<p>De esta manera, la Procuraci\u00f3n se\u00f1al\u00f3 que Ballester y Cat\u00e1n son culpables de &#8220;remoci\u00f3n por mal desempe\u00f1o de sus funciones, por entender que omitieron obligaciones esenciales en todo procedimiento en el que est\u00e9 en juego el inter\u00e9s superior del ni\u00f1o\u201d.<\/p>\n\n\n\n<p>Es importante remarcar que en octubre de este a\u00f1o las dos funcionarias fueron suspendidas hasta que se tome una decisi\u00f3n sobre su responsabilidad o no en la muerte del menor.<\/p>\n","protected":false},"excerpt":{"rendered":"<p>Ana Clara P\u00e9rez Ballester y la asesora Elisa Alejandra Cat\u00e1n est\u00e1n acusadas de no cumplir con su labor profesional para as\u00ed evitar la muerte del chico de cinco a\u00f1os en manos de su mam\u00e1 y la pareja, ambas condenadas a prisi\u00f3n perpetua. En este sentido, la jueza Ana Clara P\u00e9rez Ballester y la asesora Elisa [&hellip;]<\/p>\n","protected":false},"author":2,"featured_media":69225,"comment_status":"open","ping_status":"open","sticky":false,"template":"","format":"standard","meta":{"tdm_status":"","tdm_grid_status":"","_joinchat":[],"footnotes":""},"categories":[73],"tags":[],"class_list":{"0":"post-69224","1":"post","2":"type-post","3":"status-publish","4":"format-standard","5":"has-post-thumbnail","7":"category-noticias-general"},"amp_enabled":true,"_links":{"self":[{"href":"https:\/\/www.todoeldia.com\/index.php\/wp-json\/wp\/v2\/posts\/69224","targetHints":{"allow":["GET"]}}],"collection":[{"href":"https:\/\/www.todoeldia.com\/index.php\/wp-json\/wp\/v2\/posts"}],"about":[{"href":"https:\/\/www.todoeldia.com\/index.php\/wp-json\/wp\/v2\/types\/post"}],"author":[{"embeddable":true,"href":"https:\/\/www.todoeldia.com\/index.php\/wp-json\/wp\/v2\/users\/2"}],"replies":[{"embeddable":true,"href":"https:\/\/www.todoeldia.com\/index.php\/wp-json\/wp\/v2\/comments?post=69224"}],"version-history":[{"count":1,"href":"https:\/\/www.todoeldia.com\/index.php\/wp-json\/wp\/v2\/posts\/69224\/revisions"}],"predecessor-version":[{"id":69226,"href":"https:\/\/www.todoeldia.com\/index.php\/wp-json\/wp\/v2\/posts\/69224\/revisions\/69226"}],"wp:featuredmedia":[{"embeddable":true,"href":"https:\/\/www.todoeldia.com\/index.php\/wp-json\/wp\/v2\/media\/69225"}],"wp:attachment":[{"href":"https:\/\/www.todoeldia.com\/index.php\/wp-json\/wp\/v2\/media?parent=69224"}],"wp:term":[{"taxonomy":"category","embeddable":true,"href":"https:\/\/www.todoeldia.com\/index.php\/wp-json\/wp\/v2\/categories?post=69224"},{"taxonomy":"post_tag","embeddable":true,"href":"https:\/\/www.todoeldia.com\/index.php\/wp-json\/wp\/v2\/tags?post=69224"}],"curies":[{"name":"wp","href":"https:\/\/api.w.org\/{rel}","templated":true}]}}