{"id":69417,"date":"2023-12-07T15:24:10","date_gmt":"2023-12-07T18:24:10","guid":{"rendered":"https:\/\/www.todoeldia.com\/?p=69417"},"modified":"2023-12-07T15:41:42","modified_gmt":"2023-12-07T18:41:42","slug":"funcionaria-judicial-sufrio-un-acv-en-audiencia-multiproposito-y-murio","status":"publish","type":"post","link":"https:\/\/www.todoeldia.com\/index.php\/2023\/12\/07\/funcionaria-judicial-sufrio-un-acv-en-audiencia-multiproposito-y-murio\/","title":{"rendered":"Funcionaria judicial sufri\u00f3 un ACV en audiencia y muri\u00f3: en los ascensores no entra una camilla"},"content":{"rendered":"\n<p>Una Defensora Oficial sufri\u00f3 un ACV, fue trasladada a una cl\u00ednica pero falleci\u00f3 este jueves. Funcionarios apuntan contra el Plan Piloto de Oralidad de la Corte por sobrecargar las tareas y afectar la salud.<\/p>\n\n\n\n<p>La Defensora Oficial Penal N\u00b05, Ana Laura Carrizo Reyes muri\u00f3 despu\u00e9s de sufrir un accidente cerebro vascular hemorr\u00e1gico en una audiencia multiprop\u00f3sito que forma parte del plan piloto de oralidad que instrument\u00f3 la Corte de Justicia de Salta, desde febrero de este a\u00f1o.<\/p>\n\n\n\n<p>Aunque en el Poder Judicial reina el hermetismo, trascendi\u00f3 que la mujer de 55 a\u00f1os sufri\u00f3 el ACV en plena audiencia, que se llam\u00f3 al servicio de emergencias que tiene contratado la Ciudad Judicial pero que ante la demora desmedida se recurri\u00f3 al Samec.<\/p>\n\n\n\n<p>La Fiscal se encontraba cumpiendo sus tareas en el segundo piso del edificio del Poder Judicial y lo lamentable es que en los ascensores no se puede ingresar con una camilla.<\/p>\n\n\n\n<p>Sin embargo tras permanecer internada y ser operada en el Sanatorio El Carmen la Defensora Oficial muri\u00f3 la ma\u00f1ana de este jueves. La noticia caus\u00f3 sorpresa y estupor en los despachos ya que son recurrentes las quejas por la cantidad de audiencias que deben enfrentar los funcionarios y que saturaron desmedidamente las jornadas laborales.<\/p>\n\n\n\n<p>Ademas, confiaron que se pidieron informes oficiales a la empresa a cargo del servicio de emergencias, ya que la ambulancia registr\u00f3 una importante demora y la mujer debi\u00f3 ser asistida por el Samec.<\/p>\n\n\n\n<p>FM ARIES<\/p>\n","protected":false},"excerpt":{"rendered":"<p>Una Defensora Oficial sufri\u00f3 un ACV, fue trasladada a una cl\u00ednica pero falleci\u00f3 este jueves. Funcionarios apuntan contra el Plan Piloto de Oralidad de la Corte por sobrecargar las tareas y afectar la salud. La Defensora Oficial Penal N\u00b05, Ana Laura Carrizo Reyes muri\u00f3 despu\u00e9s de sufrir un accidente cerebro vascular hemorr\u00e1gico en una audiencia [&hellip;]<\/p>\n","protected":false},"author":2,"featured_media":32634,"comment_status":"open","ping_status":"open","sticky":false,"template":"","format":"standard","meta":{"tdm_status":"","tdm_grid_status":"","_joinchat":[],"footnotes":""},"categories":[73],"tags":[],"class_list":{"0":"post-69417","1":"post","2":"type-post","3":"status-publish","4":"format-standard","5":"has-post-thumbnail","7":"category-noticias-general"},"amp_enabled":true,"_links":{"self":[{"href":"https:\/\/www.todoeldia.com\/index.php\/wp-json\/wp\/v2\/posts\/69417","targetHints":{"allow":["GET"]}}],"collection":[{"href":"https:\/\/www.todoeldia.com\/index.php\/wp-json\/wp\/v2\/posts"}],"about":[{"href":"https:\/\/www.todoeldia.com\/index.php\/wp-json\/wp\/v2\/types\/post"}],"author":[{"embeddable":true,"href":"https:\/\/www.todoeldia.com\/index.php\/wp-json\/wp\/v2\/users\/2"}],"replies":[{"embeddable":true,"href":"https:\/\/www.todoeldia.com\/index.php\/wp-json\/wp\/v2\/comments?post=69417"}],"version-history":[{"count":4,"href":"https:\/\/www.todoeldia.com\/index.php\/wp-json\/wp\/v2\/posts\/69417\/revisions"}],"predecessor-version":[{"id":69423,"href":"https:\/\/www.todoeldia.com\/index.php\/wp-json\/wp\/v2\/posts\/69417\/revisions\/69423"}],"wp:featuredmedia":[{"embeddable":true,"href":"https:\/\/www.todoeldia.com\/index.php\/wp-json\/wp\/v2\/media\/32634"}],"wp:attachment":[{"href":"https:\/\/www.todoeldia.com\/index.php\/wp-json\/wp\/v2\/media?parent=69417"}],"wp:term":[{"taxonomy":"category","embeddable":true,"href":"https:\/\/www.todoeldia.com\/index.php\/wp-json\/wp\/v2\/categories?post=69417"},{"taxonomy":"post_tag","embeddable":true,"href":"https:\/\/www.todoeldia.com\/index.php\/wp-json\/wp\/v2\/tags?post=69417"}],"curies":[{"name":"wp","href":"https:\/\/api.w.org\/{rel}","templated":true}]}}