{"id":69424,"date":"2023-12-07T20:06:26","date_gmt":"2023-12-07T23:06:26","guid":{"rendered":"https:\/\/www.todoeldia.com\/?p=69424"},"modified":"2023-12-07T20:07:41","modified_gmt":"2023-12-07T23:07:41","slug":"la-corte-anulo-la-perpetua-de-uno-santos-vera-por-el-doble-crimen-de-las-turistas-francesas","status":"publish","type":"post","link":"https:\/\/www.todoeldia.com\/index.php\/2023\/12\/07\/la-corte-anulo-la-perpetua-de-uno-santos-vera-por-el-doble-crimen-de-las-turistas-francesas\/","title":{"rendered":"La Corte anul\u00f3 la perpetua de Santos Vera por el doble crimen de las turistas francesas en Salta"},"content":{"rendered":"\n<p>La resoluci\u00f3n dispuso que &#8220;se hace lugar a la queja, se declara procedente el recurso extraordinario y se deja sin efecto la sentencia apelada&#8221;, en beneficio de Santos Clemente Vera por los crimenes de Cassandre Bouvier y Houria Moumni.<\/p>\n\n\n\n<p>La Corte Suprema de Justicia de la Naci\u00f3n hizo lugar al recurso de queja de la defensa de Santos Clemente Vera, uno de los condenados por el doble crimen de las turistas francesas cometido en 2011 en Salta, dej\u00f3 sin efecto su sentencia a prisi\u00f3n perpetua que se hab\u00eda dictado en segunda instancia y dispuso que &#8220;se dicte un nuevo fallo&#8221;.<\/p>\n\n\n\n<p>A partir de este fallo del m\u00e1ximo tribunal del pa\u00eds, los abogados de Vera, quien en el juicio oral de primera instancia hab\u00eda sido absuelto, analiza la posibilidad de pedir su excarcelaci\u00f3n.<\/p>\n\n\n\n<figure class=\"wp-block-image size-full is-resized\"><img loading=\"lazy\" decoding=\"async\" width=\"767\" height=\"463\" src=\"https:\/\/www.todoeldia.com\/wp-content\/uploads\/2023\/12\/image-89.png\" alt=\"\" class=\"wp-image-69428\" style=\"width:914px;height:auto\" srcset=\"https:\/\/www.todoeldia.com\/wp-content\/uploads\/2023\/12\/image-89.png 767w, https:\/\/www.todoeldia.com\/wp-content\/uploads\/2023\/12\/image-89-300x181.png 300w, https:\/\/www.todoeldia.com\/wp-content\/uploads\/2023\/12\/image-89-696x420.png 696w\" sizes=\"auto, (max-width: 767px) 100vw, 767px\" \/><\/figure>\n\n\n\n<p><strong>Cassandre Bouvier y Houria Moumni<\/strong><\/p>\n\n\n\n<p>La resoluci\u00f3n, firmada por los jueces Horacio Rosatti, Juan Carlos Maqueda, Carlos Rosenkrantz y Ricardo Lorenzetti, dispuso que &#8220;se hace lugar a la queja, se declara procedente el recurso extraordinario y se deja sin efecto la sentencia apelada&#8221;.<\/p>\n\n\n\n<p>Los magistrados tuvieron en cuenta el pedido del procurador general de la Naci\u00f3n, Eduardo Casal, quien en 2020 emiti\u00f3 un dictamen en el que opin\u00f3 que &#8220;corresponde hacer lugar a la queja interpuesta&#8221; y &#8220;declarar parcialmente admisible el recurso extraordinario&#8221;.<\/p>\n\n\n\n<p>&#8220;No debe verse en el sentido de este pronunciamiento una injerencia indebida de esta Corte en una cuesti\u00f3n de \u00edndole local, pues en realidad lo que se est\u00e1 decidiendo es que se respete la normativa procesal vigente, dictada por la propia provincia en ejercicio de sus facultades constitucionales&#8221;, sostuvo el m\u00e1ximo tribunal.<\/p>\n\n\n\n<p>Los condenados<\/p>\n\n\n\n<p>Es que por los cr\u00edmenes de Cassandre Bouvier y Houria Moumni, la Sala II del Tribunal del Juicio salte\u00f1a conden\u00f3 por unanimidad, el 2 de junio de 2014, a Gustavo Lasi a la pena de 30 a\u00f1os de prisi\u00f3n como autor del &#8220;robo calificado por el uso de arma, abuso sexual con acceso carnal agravado, y doble homicidio calificado criminis causa&#8221;.<\/p>\n\n\n\n<p>El tribunal tambi\u00e9n conden\u00f3 a Omar Dar\u00edo Ramos y Antonio Eduardo Sandoval a la pena de dos a\u00f1os de prisi\u00f3n condicional por encubrimiento calificado, mientras que a Daniel Vilte Laxi y a Vera los absolvi\u00f3 por el beneficio de la duda.<\/p>\n\n\n\n<p>Sin embargo, el 3 de febrero de 2016, la Sala III del Tribunal de Impugnaci\u00f3n de Salta revoc\u00f3 la sentencia absolutoria dictada a Vera y lo conden\u00f3 a prisi\u00f3n perpetua por considerarlo coautor de los mismos delitos que Lasi, por lo que la defensa recurri\u00f3 a la Corte de la provincia, que no hizo lugar a la apelaci\u00f3n.<\/p>\n\n\n\n<p><\/p>\n","protected":false},"excerpt":{"rendered":"<p>La resoluci\u00f3n dispuso que &#8220;se hace lugar a la queja, se declara procedente el recurso extraordinario y se deja sin efecto la sentencia apelada&#8221;, en beneficio de Santos Clemente Vera por los crimenes de Cassandre Bouvier y Houria Moumni. La Corte Suprema de Justicia de la Naci\u00f3n hizo lugar al recurso de queja de la [&hellip;]<\/p>\n","protected":false},"author":2,"featured_media":69425,"comment_status":"open","ping_status":"open","sticky":false,"template":"","format":"standard","meta":{"tdm_status":"","tdm_grid_status":"","_joinchat":[],"footnotes":""},"categories":[73],"tags":[],"class_list":{"0":"post-69424","1":"post","2":"type-post","3":"status-publish","4":"format-standard","5":"has-post-thumbnail","7":"category-noticias-general"},"amp_enabled":true,"_links":{"self":[{"href":"https:\/\/www.todoeldia.com\/index.php\/wp-json\/wp\/v2\/posts\/69424","targetHints":{"allow":["GET"]}}],"collection":[{"href":"https:\/\/www.todoeldia.com\/index.php\/wp-json\/wp\/v2\/posts"}],"about":[{"href":"https:\/\/www.todoeldia.com\/index.php\/wp-json\/wp\/v2\/types\/post"}],"author":[{"embeddable":true,"href":"https:\/\/www.todoeldia.com\/index.php\/wp-json\/wp\/v2\/users\/2"}],"replies":[{"embeddable":true,"href":"https:\/\/www.todoeldia.com\/index.php\/wp-json\/wp\/v2\/comments?post=69424"}],"version-history":[{"count":4,"href":"https:\/\/www.todoeldia.com\/index.php\/wp-json\/wp\/v2\/posts\/69424\/revisions"}],"predecessor-version":[{"id":69430,"href":"https:\/\/www.todoeldia.com\/index.php\/wp-json\/wp\/v2\/posts\/69424\/revisions\/69430"}],"wp:featuredmedia":[{"embeddable":true,"href":"https:\/\/www.todoeldia.com\/index.php\/wp-json\/wp\/v2\/media\/69425"}],"wp:attachment":[{"href":"https:\/\/www.todoeldia.com\/index.php\/wp-json\/wp\/v2\/media?parent=69424"}],"wp:term":[{"taxonomy":"category","embeddable":true,"href":"https:\/\/www.todoeldia.com\/index.php\/wp-json\/wp\/v2\/categories?post=69424"},{"taxonomy":"post_tag","embeddable":true,"href":"https:\/\/www.todoeldia.com\/index.php\/wp-json\/wp\/v2\/tags?post=69424"}],"curies":[{"name":"wp","href":"https:\/\/api.w.org\/{rel}","templated":true}]}}