{"id":69441,"date":"2023-12-07T22:47:36","date_gmt":"2023-12-08T01:47:36","guid":{"rendered":"https:\/\/www.todoeldia.com\/?p=69441"},"modified":"2023-12-07T22:47:39","modified_gmt":"2023-12-08T01:47:39","slug":"detienen-a-una-pareja-involucrada-en-robos-en-un-barrio-privado-en-nuestra-ciudad","status":"publish","type":"post","link":"https:\/\/www.todoeldia.com\/index.php\/2023\/12\/07\/detienen-a-una-pareja-involucrada-en-robos-en-un-barrio-privado-en-nuestra-ciudad\/","title":{"rendered":"Detienen a una pareja involucrada en robos en un barrio privado en nuestra ciudad"},"content":{"rendered":"\n<p>Luego de tres meses de Investigaciones, se logr\u00f3 la aprehensi\u00f3n de los principales involucrados un hombre y una mujer que estar\u00edan vinculados en al menos seis il\u00edcitos contra la propiedad suscitados en un barrio privado. Los allanamientos se concretaron en Salta y Tucum\u00e1n.<\/p>\n\n\n\n<p>La investigaci\u00f3n inici\u00f3 el pasado mes de septiembre, cuando se registraron diversos il\u00edcitos en viviendas de un barrio privado del valle de Lerma, desde la Direcci\u00f3n de Unidad Regional n\u00b0 11 se dispuso un importante operativo que involucro a distintas \u00e1reas de la instituci\u00f3n a fin de individualizar a los sospechosos.<\/p>\n\n\n\n<p>Se pudo individualizar a una mujer oriunda de la provincia de Tucum\u00e1n y un hombre que se desempe\u00f1aba como guardia de seguridad, as\u00ed mismo se estableci\u00f3 el modus operandi en que realizaban los atracos.<\/p>\n\n\n\n<p>En el marco de esta importante investigaci\u00f3n esta tarde pasada las 16 horas, se concretaron tres allanamientos de forma simult\u00e1nea, dos de ellos en Tucum\u00e1n y otro en barrio El Milagro de nuestra ciudad.<\/p>\n\n\n\n<p>Al finalizar se logr\u00f3 la detenci\u00f3n de una mujer de 23 a\u00f1os y un hombre de 25 a\u00f1os y el secuestro de un autom\u00f3vil que ser\u00eda utilizado como medio de movilidad para efectuar los il\u00edcitos, y otros elementos de valor para la causa.<\/p>\n\n\n\n<p>Los demorados y los elementos incautados quedaron a disposici\u00f3n de la Fiscal\u00eda Penal de Rosario de Lerma y Juzgado de Garant\u00edas.<\/p>\n","protected":false},"excerpt":{"rendered":"<p>Luego de tres meses de Investigaciones, se logr\u00f3 la aprehensi\u00f3n de los principales involucrados un hombre y una mujer que estar\u00edan vinculados en al menos seis il\u00edcitos contra la propiedad suscitados en un barrio privado. Los allanamientos se concretaron en Salta y Tucum\u00e1n. La investigaci\u00f3n inici\u00f3 el pasado mes de septiembre, cuando se registraron diversos [&hellip;]<\/p>\n","protected":false},"author":2,"featured_media":69442,"comment_status":"open","ping_status":"open","sticky":false,"template":"","format":"standard","meta":{"tdm_status":"","tdm_grid_status":"","_joinchat":[],"footnotes":""},"categories":[63],"tags":[],"class_list":{"0":"post-69441","1":"post","2":"type-post","3":"status-publish","4":"format-standard","5":"has-post-thumbnail","7":"category-policiales"},"amp_enabled":true,"_links":{"self":[{"href":"https:\/\/www.todoeldia.com\/index.php\/wp-json\/wp\/v2\/posts\/69441","targetHints":{"allow":["GET"]}}],"collection":[{"href":"https:\/\/www.todoeldia.com\/index.php\/wp-json\/wp\/v2\/posts"}],"about":[{"href":"https:\/\/www.todoeldia.com\/index.php\/wp-json\/wp\/v2\/types\/post"}],"author":[{"embeddable":true,"href":"https:\/\/www.todoeldia.com\/index.php\/wp-json\/wp\/v2\/users\/2"}],"replies":[{"embeddable":true,"href":"https:\/\/www.todoeldia.com\/index.php\/wp-json\/wp\/v2\/comments?post=69441"}],"version-history":[{"count":1,"href":"https:\/\/www.todoeldia.com\/index.php\/wp-json\/wp\/v2\/posts\/69441\/revisions"}],"predecessor-version":[{"id":69443,"href":"https:\/\/www.todoeldia.com\/index.php\/wp-json\/wp\/v2\/posts\/69441\/revisions\/69443"}],"wp:featuredmedia":[{"embeddable":true,"href":"https:\/\/www.todoeldia.com\/index.php\/wp-json\/wp\/v2\/media\/69442"}],"wp:attachment":[{"href":"https:\/\/www.todoeldia.com\/index.php\/wp-json\/wp\/v2\/media?parent=69441"}],"wp:term":[{"taxonomy":"category","embeddable":true,"href":"https:\/\/www.todoeldia.com\/index.php\/wp-json\/wp\/v2\/categories?post=69441"},{"taxonomy":"post_tag","embeddable":true,"href":"https:\/\/www.todoeldia.com\/index.php\/wp-json\/wp\/v2\/tags?post=69441"}],"curies":[{"name":"wp","href":"https:\/\/api.w.org\/{rel}","templated":true}]}}