{"id":69463,"date":"2023-12-08T20:53:09","date_gmt":"2023-12-08T23:53:09","guid":{"rendered":"https:\/\/www.todoeldia.com\/?p=69463"},"modified":"2023-12-08T20:56:31","modified_gmt":"2023-12-08T23:56:31","slug":"un-incendio-destruyo-una-farmacia-en-el-barrio-bancario","status":"publish","type":"post","link":"https:\/\/www.todoeldia.com\/index.php\/2023\/12\/08\/un-incendio-destruyo-una-farmacia-en-el-barrio-bancario\/","title":{"rendered":"Un incendio destruy\u00f3 una farmacia en el barrio Bancario"},"content":{"rendered":"\n<p>P\u00e9rdidas totales por un incendio incontrolable por momentos sufri\u00f3 la farmacia del Barrio Bancario ubicada en Las Golondrinas 1.602.<\/p>\n\n\n\n<p>Cerca de las 13 una larga columna de humo negro se pod\u00eda observar de los distintos barrios ubicados en la zona sur.<\/p>\n\n\n\n<figure class=\"wp-block-image size-full\"><img loading=\"lazy\" decoding=\"async\" width=\"338\" height=\"521\" src=\"https:\/\/www.todoeldia.com\/wp-content\/uploads\/2023\/12\/incendio-en-el-bancario-1.jpg\" alt=\"\" class=\"wp-image-69466\" srcset=\"https:\/\/www.todoeldia.com\/wp-content\/uploads\/2023\/12\/incendio-en-el-bancario-1.jpg 338w, https:\/\/www.todoeldia.com\/wp-content\/uploads\/2023\/12\/incendio-en-el-bancario-1-195x300.jpg 195w, https:\/\/www.todoeldia.com\/wp-content\/uploads\/2023\/12\/incendio-en-el-bancario-1-300x462.jpg 300w, https:\/\/www.todoeldia.com\/wp-content\/uploads\/2023\/12\/incendio-en-el-bancario-1-272x420.jpg 272w\" sizes=\"auto, (max-width: 338px) 100vw, 338px\" \/><\/figure>\n\n\n\n<p>Esto llam\u00f3 la atenci\u00f3n de cientos de vecinos que se dieron cita en el lugar para observar lo que ocurr\u00eda y el trabajo de los bomberos.<\/p>\n\n\n\n<figure class=\"wp-block-image size-full is-resized\"><img loading=\"lazy\" decoding=\"async\" width=\"674\" height=\"309\" src=\"https:\/\/www.todoeldia.com\/wp-content\/uploads\/2023\/12\/farmacia-bancario.jpg\" alt=\"\" class=\"wp-image-69469\" style=\"width:1068px;height:auto\" srcset=\"https:\/\/www.todoeldia.com\/wp-content\/uploads\/2023\/12\/farmacia-bancario.jpg 674w, https:\/\/www.todoeldia.com\/wp-content\/uploads\/2023\/12\/farmacia-bancario-300x138.jpg 300w\" sizes=\"auto, (max-width: 674px) 100vw, 674px\" \/><\/figure>\n\n\n\n<p>Por momentos las llamas alcanzaron casi los 10 metros de altura y afectaron tambi\u00e9n una despensa ubicada en la esquina y un negocio de art\u00edculos de limpieza.<\/p>\n\n\n\n\n\n<figure class=\"wp-block-image size-full\"><img loading=\"lazy\" decoding=\"async\" width=\"627\" height=\"600\" src=\"https:\/\/www.todoeldia.com\/wp-content\/uploads\/2023\/12\/incendio-en-el-bancario1.jpg\" alt=\"\" class=\"wp-image-69467\" srcset=\"https:\/\/www.todoeldia.com\/wp-content\/uploads\/2023\/12\/incendio-en-el-bancario1.jpg 627w, https:\/\/www.todoeldia.com\/wp-content\/uploads\/2023\/12\/incendio-en-el-bancario1-300x287.jpg 300w, https:\/\/www.todoeldia.com\/wp-content\/uploads\/2023\/12\/incendio-en-el-bancario1-439x420.jpg 439w\" sizes=\"auto, (max-width: 627px) 100vw, 627px\" \/><\/figure>\n\n\n\n<p>Varias dotaciones de bomberos trabajaron en el lugar para sofocar el incendio y luego enfriar el lugar ante la posibilidad de que el fuego se reinicie.<\/p>\n\n\n\n<p>A\u00fan no se sabe cu\u00e1les fueron las causas.<\/p>\n","protected":false},"excerpt":{"rendered":"<p>P\u00e9rdidas totales por un incendio incontrolable por momentos sufri\u00f3 la farmacia del Barrio Bancario ubicada en Las Golondrinas 1.602. Cerca de las 13 una larga columna de humo negro se pod\u00eda observar de los distintos barrios ubicados en la zona sur. Esto llam\u00f3 la atenci\u00f3n de cientos de vecinos que se dieron cita en el [&hellip;]<\/p>\n","protected":false},"author":2,"featured_media":69464,"comment_status":"open","ping_status":"open","sticky":false,"template":"","format":"standard","meta":{"tdm_status":"","tdm_grid_status":"","_joinchat":[],"footnotes":""},"categories":[63],"tags":[],"class_list":{"0":"post-69463","1":"post","2":"type-post","3":"status-publish","4":"format-standard","5":"has-post-thumbnail","7":"category-policiales"},"amp_enabled":true,"_links":{"self":[{"href":"https:\/\/www.todoeldia.com\/index.php\/wp-json\/wp\/v2\/posts\/69463","targetHints":{"allow":["GET"]}}],"collection":[{"href":"https:\/\/www.todoeldia.com\/index.php\/wp-json\/wp\/v2\/posts"}],"about":[{"href":"https:\/\/www.todoeldia.com\/index.php\/wp-json\/wp\/v2\/types\/post"}],"author":[{"embeddable":true,"href":"https:\/\/www.todoeldia.com\/index.php\/wp-json\/wp\/v2\/users\/2"}],"replies":[{"embeddable":true,"href":"https:\/\/www.todoeldia.com\/index.php\/wp-json\/wp\/v2\/comments?post=69463"}],"version-history":[{"count":2,"href":"https:\/\/www.todoeldia.com\/index.php\/wp-json\/wp\/v2\/posts\/69463\/revisions"}],"predecessor-version":[{"id":69470,"href":"https:\/\/www.todoeldia.com\/index.php\/wp-json\/wp\/v2\/posts\/69463\/revisions\/69470"}],"wp:featuredmedia":[{"embeddable":true,"href":"https:\/\/www.todoeldia.com\/index.php\/wp-json\/wp\/v2\/media\/69464"}],"wp:attachment":[{"href":"https:\/\/www.todoeldia.com\/index.php\/wp-json\/wp\/v2\/media?parent=69463"}],"wp:term":[{"taxonomy":"category","embeddable":true,"href":"https:\/\/www.todoeldia.com\/index.php\/wp-json\/wp\/v2\/categories?post=69463"},{"taxonomy":"post_tag","embeddable":true,"href":"https:\/\/www.todoeldia.com\/index.php\/wp-json\/wp\/v2\/tags?post=69463"}],"curies":[{"name":"wp","href":"https:\/\/api.w.org\/{rel}","templated":true}]}}