{"id":69471,"date":"2023-12-08T21:02:17","date_gmt":"2023-12-09T00:02:17","guid":{"rendered":"https:\/\/www.todoeldia.com\/?p=69471"},"modified":"2023-12-08T21:02:20","modified_gmt":"2023-12-09T00:02:20","slug":"secuestran-en-embarcacion-3-camionetas-que-habian-sido-robadas-en-buenos-aires-y-tenian-como-destino-bolivia","status":"publish","type":"post","link":"https:\/\/www.todoeldia.com\/index.php\/2023\/12\/08\/secuestran-en-embarcacion-3-camionetas-que-habian-sido-robadas-en-buenos-aires-y-tenian-como-destino-bolivia\/","title":{"rendered":"Secuestran en Embarcaci\u00f3n 3 camionetas que hab\u00edan sido robadas en Buenos Aires y ten\u00edan como destino Bolivia"},"content":{"rendered":"\n<p>Personal de la Direcci\u00f3n General de Investigaciones recuper\u00f3 tres veh\u00edculos de alta gama que registraban pedido de secuestro por robo en la provincia de Buenos Aires. Por el hecho tres personas fueron detenidas. Se estima que las camionetas ten\u00edan como destino final Bolivia a trav\u00e9s de un paso clandestino en Salvador Mazza.<\/p>\n\n\n\n<p>El procedimiento tuvo lugar en la localidad de Embarcaci\u00f3n, donde el Grupo de Investigadores del Sector N\u00b0 14, identificaron a tres personas oriundos de la provincia de Buenos Aires que se encontraban alojadas en un hotel ubicado en calle Espa\u00f1a y San Luis de esa localidad y ten\u00edan en su poder tres camionetas de alta gamas.<\/p>\n\n\n\n<p>Como resultado de una minuciosa investigaci\u00f3n por parte de los efectivos, se estableci\u00f3 a trav\u00e9s de la Secci\u00f3n Tratamiento Preventivo de la Informaci\u00f3n que los rodados registraban pedido de secuestro por causas de robos.<\/p>\n","protected":false},"excerpt":{"rendered":"<p>Personal de la Direcci\u00f3n General de Investigaciones recuper\u00f3 tres veh\u00edculos de alta gama que registraban pedido de secuestro por robo en la provincia de Buenos Aires. Por el hecho tres personas fueron detenidas. Se estima que las camionetas ten\u00edan como destino final Bolivia a trav\u00e9s de un paso clandestino en Salvador Mazza. El procedimiento tuvo [&hellip;]<\/p>\n","protected":false},"author":2,"featured_media":69472,"comment_status":"open","ping_status":"open","sticky":false,"template":"","format":"standard","meta":{"tdm_status":"","tdm_grid_status":"","_joinchat":[],"footnotes":""},"categories":[63],"tags":[],"class_list":{"0":"post-69471","1":"post","2":"type-post","3":"status-publish","4":"format-standard","5":"has-post-thumbnail","7":"category-policiales"},"amp_enabled":true,"_links":{"self":[{"href":"https:\/\/www.todoeldia.com\/index.php\/wp-json\/wp\/v2\/posts\/69471","targetHints":{"allow":["GET"]}}],"collection":[{"href":"https:\/\/www.todoeldia.com\/index.php\/wp-json\/wp\/v2\/posts"}],"about":[{"href":"https:\/\/www.todoeldia.com\/index.php\/wp-json\/wp\/v2\/types\/post"}],"author":[{"embeddable":true,"href":"https:\/\/www.todoeldia.com\/index.php\/wp-json\/wp\/v2\/users\/2"}],"replies":[{"embeddable":true,"href":"https:\/\/www.todoeldia.com\/index.php\/wp-json\/wp\/v2\/comments?post=69471"}],"version-history":[{"count":1,"href":"https:\/\/www.todoeldia.com\/index.php\/wp-json\/wp\/v2\/posts\/69471\/revisions"}],"predecessor-version":[{"id":69473,"href":"https:\/\/www.todoeldia.com\/index.php\/wp-json\/wp\/v2\/posts\/69471\/revisions\/69473"}],"wp:featuredmedia":[{"embeddable":true,"href":"https:\/\/www.todoeldia.com\/index.php\/wp-json\/wp\/v2\/media\/69472"}],"wp:attachment":[{"href":"https:\/\/www.todoeldia.com\/index.php\/wp-json\/wp\/v2\/media?parent=69471"}],"wp:term":[{"taxonomy":"category","embeddable":true,"href":"https:\/\/www.todoeldia.com\/index.php\/wp-json\/wp\/v2\/categories?post=69471"},{"taxonomy":"post_tag","embeddable":true,"href":"https:\/\/www.todoeldia.com\/index.php\/wp-json\/wp\/v2\/tags?post=69471"}],"curies":[{"name":"wp","href":"https:\/\/api.w.org\/{rel}","templated":true}]}}