{"id":69474,"date":"2023-12-08T21:12:20","date_gmt":"2023-12-09T00:12:20","guid":{"rendered":"https:\/\/www.todoeldia.com\/?p=69474"},"modified":"2023-12-08T21:12:29","modified_gmt":"2023-12-09T00:12:29","slug":"los-vecinos-de-dragones-se-hartaron-de-la-mala-atencion-en-salud-y-protestaron-en-la-calle","status":"publish","type":"post","link":"https:\/\/www.todoeldia.com\/index.php\/2023\/12\/08\/los-vecinos-de-dragones-se-hartaron-de-la-mala-atencion-en-salud-y-protestaron-en-la-calle\/","title":{"rendered":"Los vecinos de Dragones se hartaron de la mala atenci\u00f3n en salud y protestaron en la calle"},"content":{"rendered":"\n<p>Los vecinos manifestaron que est\u00e1n pr\u00e1cticamente abandonados en salud, decidieron continuar con las manifestaciones hasta que el gerente del Hospital sea removido de su cargo.<\/p>\n\n\n\n<figure class=\"wp-block-image size-large\"><img loading=\"lazy\" decoding=\"async\" width=\"1024\" height=\"768\" src=\"https:\/\/www.todoeldia.com\/wp-content\/uploads\/2023\/12\/image-95-1024x768.png\" alt=\"\" class=\"wp-image-69475\" srcset=\"https:\/\/www.todoeldia.com\/wp-content\/uploads\/2023\/12\/image-95-1024x768.png 1024w, https:\/\/www.todoeldia.com\/wp-content\/uploads\/2023\/12\/image-95-300x225.png 300w, https:\/\/www.todoeldia.com\/wp-content\/uploads\/2023\/12\/image-95-768x576.png 768w, https:\/\/www.todoeldia.com\/wp-content\/uploads\/2023\/12\/image-95-1536x1152.png 1536w, https:\/\/www.todoeldia.com\/wp-content\/uploads\/2023\/12\/image-95-696x522.png 696w, https:\/\/www.todoeldia.com\/wp-content\/uploads\/2023\/12\/image-95-1068x801.png 1068w, https:\/\/www.todoeldia.com\/wp-content\/uploads\/2023\/12\/image-95-560x420.png 560w, https:\/\/www.todoeldia.com\/wp-content\/uploads\/2023\/12\/image-95-80x60.png 80w, https:\/\/www.todoeldia.com\/wp-content\/uploads\/2023\/12\/image-95-265x198.png 265w, https:\/\/www.todoeldia.com\/wp-content\/uploads\/2023\/12\/image-95.png 1600w\" sizes=\"auto, (max-width: 1024px) 100vw, 1024px\" \/><\/figure>\n\n\n\n<p>Asimismo, piden el nombramiento de profesionales m\u00e9dicos permanentes, una ambulancia en condiciones, que se realice una auditor\u00eda a la gesti\u00f3n del gerente, y que las casas de los m\u00e9dicos vuelvan a pertenecer a los profesionales designados por el ministerio.<\/p>\n\n\n\n<figure class=\"wp-block-image size-large is-resized\"><img loading=\"lazy\" decoding=\"async\" width=\"768\" height=\"1024\" src=\"https:\/\/www.todoeldia.com\/wp-content\/uploads\/2023\/12\/image-96-768x1024.png\" alt=\"\" class=\"wp-image-69477\" style=\"width:916px;height:auto\" srcset=\"https:\/\/www.todoeldia.com\/wp-content\/uploads\/2023\/12\/image-96-768x1024.png 768w, https:\/\/www.todoeldia.com\/wp-content\/uploads\/2023\/12\/image-96-225x300.png 225w, https:\/\/www.todoeldia.com\/wp-content\/uploads\/2023\/12\/image-96-1152x1536.png 1152w, https:\/\/www.todoeldia.com\/wp-content\/uploads\/2023\/12\/image-96-300x400.png 300w, https:\/\/www.todoeldia.com\/wp-content\/uploads\/2023\/12\/image-96-696x928.png 696w, https:\/\/www.todoeldia.com\/wp-content\/uploads\/2023\/12\/image-96-1068x1424.png 1068w, https:\/\/www.todoeldia.com\/wp-content\/uploads\/2023\/12\/image-96-315x420.png 315w, https:\/\/www.todoeldia.com\/wp-content\/uploads\/2023\/12\/image-96.png 1200w\" sizes=\"auto, (max-width: 768px) 100vw, 768px\" \/><\/figure>\n\n\n\n<p>Se sumaron a los reclamos, los vecinos de Misi\u00f3n Chaque\u00f1a, Carboncito, Lozano, Sal\u00edm, Hickmann y Dragones.<\/p>\n\n\n\n<p>Si hasta el martes no tienen novedades, tomar\u00e1n el Centro de Salud de Dragones, y no quieren dialogar con el Dr. Orozco actual gerente del centro de salud.<\/p>\n\n\n\n<p>La situaci\u00f3n se agrav\u00f3 debido a que d\u00edas pasados un cami\u00f3n atropello a un nene que termin\u00f3 falleciendo, mientras la enfermera que lo atend\u00eda en el centro de salud recib\u00eda indicaciones del m\u00e9dico a trav\u00e9s del celular.<\/p>\n","protected":false},"excerpt":{"rendered":"<p>Los vecinos manifestaron que est\u00e1n pr\u00e1cticamente abandonados en salud, decidieron continuar con las manifestaciones hasta que el gerente del Hospital sea removido de su cargo. Asimismo, piden el nombramiento de profesionales m\u00e9dicos permanentes, una ambulancia en condiciones, que se realice una auditor\u00eda a la gesti\u00f3n del gerente, y que las casas de los m\u00e9dicos vuelvan [&hellip;]<\/p>\n","protected":false},"author":2,"featured_media":69476,"comment_status":"open","ping_status":"open","sticky":false,"template":"","format":"standard","meta":{"tdm_status":"","tdm_grid_status":"","_joinchat":[],"footnotes":""},"categories":[73],"tags":[],"class_list":{"0":"post-69474","1":"post","2":"type-post","3":"status-publish","4":"format-standard","5":"has-post-thumbnail","7":"category-noticias-general"},"amp_enabled":true,"_links":{"self":[{"href":"https:\/\/www.todoeldia.com\/index.php\/wp-json\/wp\/v2\/posts\/69474","targetHints":{"allow":["GET"]}}],"collection":[{"href":"https:\/\/www.todoeldia.com\/index.php\/wp-json\/wp\/v2\/posts"}],"about":[{"href":"https:\/\/www.todoeldia.com\/index.php\/wp-json\/wp\/v2\/types\/post"}],"author":[{"embeddable":true,"href":"https:\/\/www.todoeldia.com\/index.php\/wp-json\/wp\/v2\/users\/2"}],"replies":[{"embeddable":true,"href":"https:\/\/www.todoeldia.com\/index.php\/wp-json\/wp\/v2\/comments?post=69474"}],"version-history":[{"count":2,"href":"https:\/\/www.todoeldia.com\/index.php\/wp-json\/wp\/v2\/posts\/69474\/revisions"}],"predecessor-version":[{"id":69479,"href":"https:\/\/www.todoeldia.com\/index.php\/wp-json\/wp\/v2\/posts\/69474\/revisions\/69479"}],"wp:featuredmedia":[{"embeddable":true,"href":"https:\/\/www.todoeldia.com\/index.php\/wp-json\/wp\/v2\/media\/69476"}],"wp:attachment":[{"href":"https:\/\/www.todoeldia.com\/index.php\/wp-json\/wp\/v2\/media?parent=69474"}],"wp:term":[{"taxonomy":"category","embeddable":true,"href":"https:\/\/www.todoeldia.com\/index.php\/wp-json\/wp\/v2\/categories?post=69474"},{"taxonomy":"post_tag","embeddable":true,"href":"https:\/\/www.todoeldia.com\/index.php\/wp-json\/wp\/v2\/tags?post=69474"}],"curies":[{"name":"wp","href":"https:\/\/api.w.org\/{rel}","templated":true}]}}