{"id":69480,"date":"2023-12-08T21:16:23","date_gmt":"2023-12-09T00:16:23","guid":{"rendered":"https:\/\/www.todoeldia.com\/?p=69480"},"modified":"2023-12-08T21:16:26","modified_gmt":"2023-12-09T00:16:26","slug":"alberto-fernandez-se-despide-con-un-aumentazo-de-la-nafta-90-en-un-dia","status":"publish","type":"post","link":"https:\/\/www.todoeldia.com\/index.php\/2023\/12\/08\/alberto-fernandez-se-despide-con-un-aumentazo-de-la-nafta-90-en-un-dia\/","title":{"rendered":"Alberto Fern\u00e1ndez se despide con un \u201caumentazo\u201d de la nafta: $ 90 en un d\u00eda"},"content":{"rendered":"\n<p>El salto es el m\u00e1s fuerte de los \u00faltimos cuatro a\u00f1os. En C\u00f3rdoba, el litro de nafta s\u00faper se increment\u00f3 un 24% y lleg\u00f3 a $ 463. Durante el gobierno del Frente de Todos, el acumulado da 680%.<\/p>\n\n\n\n<p>En la que quiz\u00e1 sea la \u00faltima medida econ\u00f3mica de la gesti\u00f3n de Alberto Fern\u00e1ndez, el Gobierno nacional autoriz\u00f3 que YPF realice un \u201caumentazo\u201d de la nafta en todo el pa\u00eds.<\/p>\n\n\n\n<p>Se trata del 36\u00b0 aumento de la nafta durante la gesti\u00f3n de los Fern\u00e1ndez, lo que da en el acumulado un 680%.<\/p>\n\n\n\n<p>En la que quiz\u00e1 sea la \u00faltima medida econ\u00f3mica de la gesti\u00f3n de Alberto Fern\u00e1ndez, el Gobierno nacional autoriz\u00f3 que YPF realice un \u201caumentazo\u201d de la nafta en todo el pa\u00eds.<\/p>\n\n\n\n<p>Se trata del 36\u00b0 aumento de la nafta durante la gesti\u00f3n de los Fern\u00e1ndez, lo que da en el acumulado un 680%.<\/p>\n\n\n\n<p>Es adem\u00e1s, el incremento m\u00e1s importante de los \u00faltimos cuatro a\u00f1os, ya que los aumentos no hab\u00edan superado nunca el 15%.<\/p>\n\n\n\n<p>Con el nuevo salta de precios, durante lo que va del a\u00f1o la inflaci\u00f3n sufrida por los combustibles acumula un incremento del 156%. Traducido: son $ 282,9 m\u00e1s de lo que sal\u00eda la nafta s\u00faper en enero de 2023.<\/p>\n\n\n\n<p>De esta manera, en C\u00f3rdoba capital el litro de nafta s\u00faper se vende desde este viernes a $ 463; mientras que el diesel Infinia qued\u00f3 en $ 573.<\/p>\n\n\n\n<p>Vale recordar que cuando Fern\u00e1ndez y Cristina Kirchner asumieron el poder, el litro de nafta s\u00faper costaba $ 59,34.<\/p>\n","protected":false},"excerpt":{"rendered":"<p>El salto es el m\u00e1s fuerte de los \u00faltimos cuatro a\u00f1os. En C\u00f3rdoba, el litro de nafta s\u00faper se increment\u00f3 un 24% y lleg\u00f3 a $ 463. Durante el gobierno del Frente de Todos, el acumulado da 680%. En la que quiz\u00e1 sea la \u00faltima medida econ\u00f3mica de la gesti\u00f3n de Alberto Fern\u00e1ndez, el Gobierno [&hellip;]<\/p>\n","protected":false},"author":2,"featured_media":67968,"comment_status":"open","ping_status":"open","sticky":false,"template":"","format":"standard","meta":{"tdm_status":"","tdm_grid_status":"","_joinchat":[],"footnotes":""},"categories":[60],"tags":[],"class_list":{"0":"post-69480","1":"post","2":"type-post","3":"status-publish","4":"format-standard","5":"has-post-thumbnail","7":"category-economia"},"amp_enabled":true,"_links":{"self":[{"href":"https:\/\/www.todoeldia.com\/index.php\/wp-json\/wp\/v2\/posts\/69480","targetHints":{"allow":["GET"]}}],"collection":[{"href":"https:\/\/www.todoeldia.com\/index.php\/wp-json\/wp\/v2\/posts"}],"about":[{"href":"https:\/\/www.todoeldia.com\/index.php\/wp-json\/wp\/v2\/types\/post"}],"author":[{"embeddable":true,"href":"https:\/\/www.todoeldia.com\/index.php\/wp-json\/wp\/v2\/users\/2"}],"replies":[{"embeddable":true,"href":"https:\/\/www.todoeldia.com\/index.php\/wp-json\/wp\/v2\/comments?post=69480"}],"version-history":[{"count":1,"href":"https:\/\/www.todoeldia.com\/index.php\/wp-json\/wp\/v2\/posts\/69480\/revisions"}],"predecessor-version":[{"id":69481,"href":"https:\/\/www.todoeldia.com\/index.php\/wp-json\/wp\/v2\/posts\/69480\/revisions\/69481"}],"wp:featuredmedia":[{"embeddable":true,"href":"https:\/\/www.todoeldia.com\/index.php\/wp-json\/wp\/v2\/media\/67968"}],"wp:attachment":[{"href":"https:\/\/www.todoeldia.com\/index.php\/wp-json\/wp\/v2\/media?parent=69480"}],"wp:term":[{"taxonomy":"category","embeddable":true,"href":"https:\/\/www.todoeldia.com\/index.php\/wp-json\/wp\/v2\/categories?post=69480"},{"taxonomy":"post_tag","embeddable":true,"href":"https:\/\/www.todoeldia.com\/index.php\/wp-json\/wp\/v2\/tags?post=69480"}],"curies":[{"name":"wp","href":"https:\/\/api.w.org\/{rel}","templated":true}]}}