{"id":69488,"date":"2023-12-09T18:21:07","date_gmt":"2023-12-09T21:21:07","guid":{"rendered":"https:\/\/www.todoeldia.com\/?p=69488"},"modified":"2023-12-09T18:21:09","modified_gmt":"2023-12-09T21:21:09","slug":"lo-que-faltaba-fernandez-dicto-un-decreto-para-que-el-estado-pague-los-costos-de-su-custodia-fuera-del-pais","status":"publish","type":"post","link":"https:\/\/www.todoeldia.com\/index.php\/2023\/12\/09\/lo-que-faltaba-fernandez-dicto-un-decreto-para-que-el-estado-pague-los-costos-de-su-custodia-fuera-del-pais\/","title":{"rendered":"\u00bfLo que faltaba! Fern\u00e1ndez dict\u00f3 un decreto para que el Estado pague los costos de su custodia fuera del pa\u00eds"},"content":{"rendered":"\n<p>En su \u00faltimo d\u00eda como jefe de Estado, el mandatario public\u00f3 una norma que establece \u2014sin un tiempo l\u00edmite en su aplicaci\u00f3n\u2014 cambios en la protecci\u00f3n de la Polic\u00eda Federal para los ex presidentes, ex vicepresidentes y sus familiares directos<\/p>\n\n\n\n<p>A un d\u00eda del recambio de gesti\u00f3n, el presidente Alberto Fern\u00e1ndez oficializ\u00f3 un decreto que le garantiza la custodia de seguridad como ex mandatario fuera del pa\u00eds, luego de que se conociera que vivir\u00e1 en Espa\u00f1a al finalizar su mandato este domingo. La medida de protecci\u00f3n se extiende a los ex vicepresidentes y sus familiares directos.<\/p>\n\n\n\n<p>El decreto 735\/2023, publicado hoy en el Bolet\u00edn Oficial, incorpora un cambio en las funciones del sistema de custodia y de la Casa Militar, el organismo que est\u00e1 a cargo de la seguridad del Presidente. Hasta este s\u00e1bado, en t\u00e9rminos reglamentarios, la Polic\u00eda Federal Argentina (PFA) ten\u00eda la misi\u00f3n de custodiar a todos los ex mandatarios \u00fanicamente sobre el territorio nacional, en caso de que requieran de este resguardo especial. La prerrogativa se ampliar\u00e1 ahora a todos los pa\u00edses donde vivan quienes hayan ejercido alguna vez la Presidencia y la Vicepresidencia, y podr\u00e1n utilizar este beneficio sin un tiempo l\u00edmite para su aplicaci\u00f3n.<\/p>\n\n\n\n<p>Con las firmas de Fern\u00e1ndez y el jefe de Gabinete, Agust\u00edn Rossi, la medida modifica los objetivos de Casa Militar, al reemplazar el art\u00edculo 2 del decreto 50\/2019 firmado a pocos d\u00edas de comenzar su gesti\u00f3n. La redacci\u00f3n de la norma suma como misi\u00f3n a los funcionarios del Poder Ejecutivo que ya cumplieron mandato. \u201cProveer la seguridad del se\u00f1or Presidente de la Naci\u00f3n, del Vicepresidente de la Naci\u00f3n, de los Ex Mandatarios y de sus familiares directos, como as\u00ed tambi\u00e9n de la Casa de Gobierno, Residencia Presidencial de Olivos y otros lugares de residencia transitoria del se\u00f1or Presidente de la Naci\u00f3n y de su familia\u201d, indica el texto.<\/p>\n\n\n\n<p>Adem\u00e1s, se modificaron los art\u00edculos 14 y 15 del decreto 648\/2004, aprobado durante el mandato de N\u00e9stor Kirchner. \u201cEstabl\u00e9cese que los efectivos de la Polic\u00eda Federal Argentina (PFA) asignados a la Divisi\u00f3n Custodia Presidencial, Divisi\u00f3n Custodia Vicepresidencial y Unidad Custodia Ex Mandatarios actuar\u00e1n bajo control operacional de la Casa Militar, a trav\u00e9s de la Agrupaci\u00f3n Seguridad e Inteligencia, de la que recibir\u00e1n las \u00f3rdenes para su empleo, actuando de conformidad con las leyes y reglamentos que rigen al Personal de la PFA\u201d, se\u00f1ala la normativa en su art\u00edculo 14.<\/p>\n\n\n\n<p>En el art\u00edculo 15 se detalla que las nuevas atribuciones de resguardo policial se extienden fuera de las fronteras nacionales: \u201cEstabl\u00e9cese que, en funci\u00f3n de los t\u00e9rminos que fija el art\u00edculo 14, en los casos de desplazamientos terrestres dentro y fuera del pa\u00eds, la custodia del Presidente de la Naci\u00f3n, del Vicepresidente de la Naci\u00f3n, de los Ex Mandatarios y sus familiares directos estar\u00e1 a cargo de la Divisi\u00f3n Custodia Presidencial, de la Divisi\u00f3n Custodia Vicepresidencial y de la Unidad Custodia Ex Mandatarios respectivamente, conforme las directivas y \u00f3rdenes que imparta el Jefe de la CASA MILITAR y las establecidas en el art\u00edculo 8\u00ba del Decreto N\u00ba 3469 del 7 de mayo de 1963\u2033.<\/p>\n\n\n\n<p>Desde la Casa Rosada explicaron que el decreto obedece s\u00f3lo a una modificaci\u00f3n de organigrama y que la custodia siempre incluy\u00f3 \u201cel acompa\u00f1amiento al lugar donde se encuentre el ex presidente o ex vice\u201d. \u201cEl cambio se hizo para que las custodias no dependan del Ministerio de Seguridad y pasen a Casa Militar. Lo de fuera del pa\u00eds ya estaba vigente\u201d, dieron como explicaci\u00f3n a Infobae fuentes de Presidencia de la Naci\u00f3n.<\/p>\n","protected":false},"excerpt":{"rendered":"<p>En su \u00faltimo d\u00eda como jefe de Estado, el mandatario public\u00f3 una norma que establece \u2014sin un tiempo l\u00edmite en su aplicaci\u00f3n\u2014 cambios en la protecci\u00f3n de la Polic\u00eda Federal para los ex presidentes, ex vicepresidentes y sus familiares directos A un d\u00eda del recambio de gesti\u00f3n, el presidente Alberto Fern\u00e1ndez oficializ\u00f3 un decreto que [&hellip;]<\/p>\n","protected":false},"author":2,"featured_media":57163,"comment_status":"open","ping_status":"open","sticky":false,"template":"","format":"standard","meta":{"tdm_status":"","tdm_grid_status":"","_joinchat":[],"footnotes":""},"categories":[59],"tags":[],"class_list":{"0":"post-69488","1":"post","2":"type-post","3":"status-publish","4":"format-standard","5":"has-post-thumbnail","7":"category-politica"},"amp_enabled":true,"_links":{"self":[{"href":"https:\/\/www.todoeldia.com\/index.php\/wp-json\/wp\/v2\/posts\/69488","targetHints":{"allow":["GET"]}}],"collection":[{"href":"https:\/\/www.todoeldia.com\/index.php\/wp-json\/wp\/v2\/posts"}],"about":[{"href":"https:\/\/www.todoeldia.com\/index.php\/wp-json\/wp\/v2\/types\/post"}],"author":[{"embeddable":true,"href":"https:\/\/www.todoeldia.com\/index.php\/wp-json\/wp\/v2\/users\/2"}],"replies":[{"embeddable":true,"href":"https:\/\/www.todoeldia.com\/index.php\/wp-json\/wp\/v2\/comments?post=69488"}],"version-history":[{"count":1,"href":"https:\/\/www.todoeldia.com\/index.php\/wp-json\/wp\/v2\/posts\/69488\/revisions"}],"predecessor-version":[{"id":69489,"href":"https:\/\/www.todoeldia.com\/index.php\/wp-json\/wp\/v2\/posts\/69488\/revisions\/69489"}],"wp:featuredmedia":[{"embeddable":true,"href":"https:\/\/www.todoeldia.com\/index.php\/wp-json\/wp\/v2\/media\/57163"}],"wp:attachment":[{"href":"https:\/\/www.todoeldia.com\/index.php\/wp-json\/wp\/v2\/media?parent=69488"}],"wp:term":[{"taxonomy":"category","embeddable":true,"href":"https:\/\/www.todoeldia.com\/index.php\/wp-json\/wp\/v2\/categories?post=69488"},{"taxonomy":"post_tag","embeddable":true,"href":"https:\/\/www.todoeldia.com\/index.php\/wp-json\/wp\/v2\/tags?post=69488"}],"curies":[{"name":"wp","href":"https:\/\/api.w.org\/{rel}","templated":true}]}}