{"id":69490,"date":"2023-12-09T18:23:47","date_gmt":"2023-12-09T21:23:47","guid":{"rendered":"https:\/\/www.todoeldia.com\/?p=69490"},"modified":"2023-12-09T18:27:06","modified_gmt":"2023-12-09T21:27:06","slug":"exigen-que-se-derogue-de-inmediato-el-ultimo-decreto-de-alberto-fernandez-que-se-asigno-a-si-mismo-una-custodia-de-por-vida","status":"publish","type":"post","link":"https:\/\/www.todoeldia.com\/index.php\/2023\/12\/09\/exigen-que-se-derogue-de-inmediato-el-ultimo-decreto-de-alberto-fernandez-que-se-asigno-a-si-mismo-una-custodia-de-por-vida\/","title":{"rendered":"Exigen que se derogue de inmediato el \u00faltimo decreto de Alberto Fern\u00e1ndez que se asign\u00f3 a s\u00ed mismo una custodia de por vida"},"content":{"rendered":"\n<p>Dirigentes pol\u00edticos, diputados y ciudadanos en general criticaron la decisi\u00f3n del Presidente de obligar al pr\u00f3ximo gobierno que lo custodien a \u00e9l y a sus familiares, incluso estando en el exterior.<\/p>\n\n\n\n<p>Dirigentes, diputados y ciudadanos en general repudiaron el \u00faltimo decreto que firm\u00f3 el presidente Alberto Fern\u00e1ndez que se asign\u00f3 una custodia policial de por vida para \u00e9l y para su c\u00edrculo familiar, tanto dentro como fuera del pa\u00eds. Adem\u00e1s, reclamaron que el pr\u00f3ximo gobierno de Javier Milei que asume a partir de ma\u00f1ana, derogue de manera inmediata esa norma.<\/p>\n\n\n\n<p>El diputado y presidente del bloque PRO, Cristian Ritondo, calific\u00f3 en di\u00e1logo con Infobae de \u201cdisparate\u201d la medida y resalt\u00f3 que en caso de ponerse en marcha demandar\u00e1 \u201cun gasto enorme, porque implica que se financie el lugar para que la custodia est\u00e9 junto Alberto Fern\u00e1ndez, la alimentaci\u00f3n, el traslado\u201d. \u201cNo se puede entender\u201d, dijo el legislador y plante\u00f3 que el futuro presidente deber\u00eda derogar la medida.<\/p>\n\n\n\n<figure class=\"wp-block-image size-large\"><img loading=\"lazy\" decoding=\"async\" width=\"1024\" height=\"569\" src=\"https:\/\/www.todoeldia.com\/wp-content\/uploads\/2021\/09\/fabiola-yanez-1-1024x569.jpg\" alt=\"\" class=\"wp-image-27887\" srcset=\"https:\/\/www.todoeldia.com\/wp-content\/uploads\/2021\/09\/fabiola-yanez-1-1024x569.jpg 1024w, https:\/\/www.todoeldia.com\/wp-content\/uploads\/2021\/09\/fabiola-yanez-1-300x167.jpg 300w, https:\/\/www.todoeldia.com\/wp-content\/uploads\/2021\/09\/fabiola-yanez-1-768x427.jpg 768w, https:\/\/www.todoeldia.com\/wp-content\/uploads\/2021\/09\/fabiola-yanez-1-696x387.jpg 696w, https:\/\/www.todoeldia.com\/wp-content\/uploads\/2021\/09\/fabiola-yanez-1-1068x594.jpg 1068w, https:\/\/www.todoeldia.com\/wp-content\/uploads\/2021\/09\/fabiola-yanez-1-756x420.jpg 756w, https:\/\/www.todoeldia.com\/wp-content\/uploads\/2021\/09\/fabiola-yanez-1.jpg 1200w\" sizes=\"auto, (max-width: 1024px) 100vw, 1024px\" \/><\/figure>\n\n\n\n<p><strong>No se sabe si la medida se extiende a Fabiola, ya que habla de familiares directos<\/strong><\/p>\n\n\n\n<p>En la misma sinton\u00eda se expres\u00f3 otros integrantes de la C\u00e1mara baja: Graciela Oca\u00f1a consider\u00f3 que la \u201cprimera medida del pr\u00f3ximo Presidente: derogarlo\u201d. Mientras que Tito Stefani asegur\u00f3 que \u201cpor estos actos la clase pol\u00edtica es considerada casta. Espero que la motosierra pase en primera medida por los privilegios del poder. Terminemos con los que utilizaron los recursos del Estado como su billetera personal sin rendir cuentas a nadie. Hoy es su \u00faltimo d\u00eda. Se termin\u00f3\u201d.<\/p>\n\n\n\n<p>Pero no s\u00f3lo fue de la dirigencia la reacci\u00f3n, en las redes sociales las palabras \u201cdecreto\u201d se posicion\u00f3 entre las primeras tendencias, debido a la indignaci\u00f3n que gener\u00f3 la decisi\u00f3n del Presidente de pasarle la cuenta al Estado de la seguridad para \u00e9l, su familia y que, tambi\u00e9n hizo extensiva a la vicepresidenta Cristina Kirchner.<\/p>\n","protected":false},"excerpt":{"rendered":"<p>Dirigentes pol\u00edticos, diputados y ciudadanos en general criticaron la decisi\u00f3n del Presidente de obligar al pr\u00f3ximo gobierno que lo custodien a \u00e9l y a sus familiares, incluso estando en el exterior. Dirigentes, diputados y ciudadanos en general repudiaron el \u00faltimo decreto que firm\u00f3 el presidente Alberto Fern\u00e1ndez que se asign\u00f3 una custodia policial de por [&hellip;]<\/p>\n","protected":false},"author":2,"featured_media":37276,"comment_status":"open","ping_status":"open","sticky":false,"template":"","format":"standard","meta":{"tdm_status":"","tdm_grid_status":"","_joinchat":[],"footnotes":""},"categories":[59],"tags":[],"class_list":{"0":"post-69490","1":"post","2":"type-post","3":"status-publish","4":"format-standard","5":"has-post-thumbnail","7":"category-politica"},"amp_enabled":true,"_links":{"self":[{"href":"https:\/\/www.todoeldia.com\/index.php\/wp-json\/wp\/v2\/posts\/69490","targetHints":{"allow":["GET"]}}],"collection":[{"href":"https:\/\/www.todoeldia.com\/index.php\/wp-json\/wp\/v2\/posts"}],"about":[{"href":"https:\/\/www.todoeldia.com\/index.php\/wp-json\/wp\/v2\/types\/post"}],"author":[{"embeddable":true,"href":"https:\/\/www.todoeldia.com\/index.php\/wp-json\/wp\/v2\/users\/2"}],"replies":[{"embeddable":true,"href":"https:\/\/www.todoeldia.com\/index.php\/wp-json\/wp\/v2\/comments?post=69490"}],"version-history":[{"count":2,"href":"https:\/\/www.todoeldia.com\/index.php\/wp-json\/wp\/v2\/posts\/69490\/revisions"}],"predecessor-version":[{"id":69493,"href":"https:\/\/www.todoeldia.com\/index.php\/wp-json\/wp\/v2\/posts\/69490\/revisions\/69493"}],"wp:featuredmedia":[{"embeddable":true,"href":"https:\/\/www.todoeldia.com\/index.php\/wp-json\/wp\/v2\/media\/37276"}],"wp:attachment":[{"href":"https:\/\/www.todoeldia.com\/index.php\/wp-json\/wp\/v2\/media?parent=69490"}],"wp:term":[{"taxonomy":"category","embeddable":true,"href":"https:\/\/www.todoeldia.com\/index.php\/wp-json\/wp\/v2\/categories?post=69490"},{"taxonomy":"post_tag","embeddable":true,"href":"https:\/\/www.todoeldia.com\/index.php\/wp-json\/wp\/v2\/tags?post=69490"}],"curies":[{"name":"wp","href":"https:\/\/api.w.org\/{rel}","templated":true}]}}