{"id":69511,"date":"2023-12-10T11:18:41","date_gmt":"2023-12-10T14:18:41","guid":{"rendered":"https:\/\/www.todoeldia.com\/?p=69511"},"modified":"2023-12-10T11:18:42","modified_gmt":"2023-12-10T14:18:42","slug":"saenz-asumio-su-segundo-mandato-en-la-provincia","status":"publish","type":"post","link":"https:\/\/www.todoeldia.com\/index.php\/2023\/12\/10\/saenz-asumio-su-segundo-mandato-en-la-provincia\/","title":{"rendered":"S\u00e1enz asumi\u00f3 su segundo mandato en la Provincia"},"content":{"rendered":"\n<p>Tras prestar el juramento constitucional en la Asamblea Legislativa, el Gobernador dijo que en los siguientes cuatro a\u00f1os continuar\u00e1 defendiendo los intereses de Salta para que lleguen obras y servicios a todos los rincones de la provincia.<\/p>\n\n\n\n<p>Gustavo S\u00e1enz y Antonio Marocco juraron ante la Asamblea Legislativa como Gobernador y Vicegobernador de Salta por el periodo constitucional 2023-2027.<\/p>\n\n\n\n<p>En el recinto de sesiones de la Legislatura, el Gobernador recibi\u00f3 de su familia, los atributos de mando, s\u00edmbolos de su investidura.<\/p>\n\n\n\n<p>Adem\u00e1s, afirm\u00f3 que en esta nueva etapa seguir\u00e1 estableciendo acuerdos con las autoridades nacionales, \u201cm\u00e1s all\u00e1 de su signo pol\u00edtico\u201d.<\/p>\n\n\n\n<p>Enfatiz\u00f3 que \u201cnuestros \u00fanicos enemigos son la pobreza y la desocupaci\u00f3n\u201d y hacia all\u00ed se deben encauzar los esfuerzos.<\/p>\n","protected":false},"excerpt":{"rendered":"<p>Tras prestar el juramento constitucional en la Asamblea Legislativa, el Gobernador dijo que en los siguientes cuatro a\u00f1os continuar\u00e1 defendiendo los intereses de Salta para que lleguen obras y servicios a todos los rincones de la provincia. Gustavo S\u00e1enz y Antonio Marocco juraron ante la Asamblea Legislativa como Gobernador y Vicegobernador de Salta por el [&hellip;]<\/p>\n","protected":false},"author":2,"featured_media":69512,"comment_status":"open","ping_status":"open","sticky":false,"template":"","format":"standard","meta":{"tdm_status":"","tdm_grid_status":"","_joinchat":[],"footnotes":""},"categories":[59],"tags":[],"class_list":{"0":"post-69511","1":"post","2":"type-post","3":"status-publish","4":"format-standard","5":"has-post-thumbnail","7":"category-politica"},"amp_enabled":true,"_links":{"self":[{"href":"https:\/\/www.todoeldia.com\/index.php\/wp-json\/wp\/v2\/posts\/69511","targetHints":{"allow":["GET"]}}],"collection":[{"href":"https:\/\/www.todoeldia.com\/index.php\/wp-json\/wp\/v2\/posts"}],"about":[{"href":"https:\/\/www.todoeldia.com\/index.php\/wp-json\/wp\/v2\/types\/post"}],"author":[{"embeddable":true,"href":"https:\/\/www.todoeldia.com\/index.php\/wp-json\/wp\/v2\/users\/2"}],"replies":[{"embeddable":true,"href":"https:\/\/www.todoeldia.com\/index.php\/wp-json\/wp\/v2\/comments?post=69511"}],"version-history":[{"count":1,"href":"https:\/\/www.todoeldia.com\/index.php\/wp-json\/wp\/v2\/posts\/69511\/revisions"}],"predecessor-version":[{"id":69513,"href":"https:\/\/www.todoeldia.com\/index.php\/wp-json\/wp\/v2\/posts\/69511\/revisions\/69513"}],"wp:featuredmedia":[{"embeddable":true,"href":"https:\/\/www.todoeldia.com\/index.php\/wp-json\/wp\/v2\/media\/69512"}],"wp:attachment":[{"href":"https:\/\/www.todoeldia.com\/index.php\/wp-json\/wp\/v2\/media?parent=69511"}],"wp:term":[{"taxonomy":"category","embeddable":true,"href":"https:\/\/www.todoeldia.com\/index.php\/wp-json\/wp\/v2\/categories?post=69511"},{"taxonomy":"post_tag","embeddable":true,"href":"https:\/\/www.todoeldia.com\/index.php\/wp-json\/wp\/v2\/tags?post=69511"}],"curies":[{"name":"wp","href":"https:\/\/api.w.org\/{rel}","templated":true}]}}