{"id":69516,"date":"2023-12-10T11:35:47","date_gmt":"2023-12-10T14:35:47","guid":{"rendered":"https:\/\/www.todoeldia.com\/?p=69516"},"modified":"2023-12-10T11:35:48","modified_gmt":"2023-12-10T14:35:48","slug":"se-incendio-el-local-donde-funcionaba-la-pizzeria-la-colonial-en-tres-cerritos","status":"publish","type":"post","link":"https:\/\/www.todoeldia.com\/index.php\/2023\/12\/10\/se-incendio-el-local-donde-funcionaba-la-pizzeria-la-colonial-en-tres-cerritos\/","title":{"rendered":"Se incendi\u00f3 el local donde funcionaba la pizzer\u00eda La Colonial en Tres Cerritos"},"content":{"rendered":"\n<p>Ayer antes de las 6 de la tarde se origin\u00f3 un incendio de grandes proporciones en el local que se encontraba abandonado y en donde funcionaba la pizzer\u00eda La Colonial en la avenida Bicentenario de la Batalla de Salta al 1.600.<\/p>\n\n\n\n<figure class=\"wp-block-image size-full is-resized\"><img loading=\"lazy\" decoding=\"async\" width=\"699\" height=\"791\" src=\"https:\/\/www.todoeldia.com\/wp-content\/uploads\/2023\/12\/image-99.png\" alt=\"\" class=\"wp-image-69518\" style=\"width:914px;height:auto\" srcset=\"https:\/\/www.todoeldia.com\/wp-content\/uploads\/2023\/12\/image-99.png 699w, https:\/\/www.todoeldia.com\/wp-content\/uploads\/2023\/12\/image-99-265x300.png 265w, https:\/\/www.todoeldia.com\/wp-content\/uploads\/2023\/12\/image-99-300x339.png 300w, https:\/\/www.todoeldia.com\/wp-content\/uploads\/2023\/12\/image-99-696x788.png 696w, https:\/\/www.todoeldia.com\/wp-content\/uploads\/2023\/12\/image-99-371x420.png 371w\" sizes=\"auto, (max-width: 699px) 100vw, 699px\" \/><\/figure>\n\n\n\n<p>El fuego se habr\u00eda originado en el interior del edificio y afect\u00f3 gran parte de su estructura causando severos da\u00f1os hasta la llegada de los bomberos.<\/p>\n","protected":false},"excerpt":{"rendered":"<p>Ayer antes de las 6 de la tarde se origin\u00f3 un incendio de grandes proporciones en el local que se encontraba abandonado y en donde funcionaba la pizzer\u00eda La Colonial en la avenida Bicentenario de la Batalla de Salta al 1.600. El fuego se habr\u00eda originado en el interior del edificio y afect\u00f3 gran parte [&hellip;]<\/p>\n","protected":false},"author":2,"featured_media":69517,"comment_status":"open","ping_status":"open","sticky":false,"template":"","format":"standard","meta":{"tdm_status":"","tdm_grid_status":"","_joinchat":[],"footnotes":""},"categories":[73],"tags":[],"class_list":{"0":"post-69516","1":"post","2":"type-post","3":"status-publish","4":"format-standard","5":"has-post-thumbnail","7":"category-noticias-general"},"amp_enabled":true,"_links":{"self":[{"href":"https:\/\/www.todoeldia.com\/index.php\/wp-json\/wp\/v2\/posts\/69516","targetHints":{"allow":["GET"]}}],"collection":[{"href":"https:\/\/www.todoeldia.com\/index.php\/wp-json\/wp\/v2\/posts"}],"about":[{"href":"https:\/\/www.todoeldia.com\/index.php\/wp-json\/wp\/v2\/types\/post"}],"author":[{"embeddable":true,"href":"https:\/\/www.todoeldia.com\/index.php\/wp-json\/wp\/v2\/users\/2"}],"replies":[{"embeddable":true,"href":"https:\/\/www.todoeldia.com\/index.php\/wp-json\/wp\/v2\/comments?post=69516"}],"version-history":[{"count":1,"href":"https:\/\/www.todoeldia.com\/index.php\/wp-json\/wp\/v2\/posts\/69516\/revisions"}],"predecessor-version":[{"id":69519,"href":"https:\/\/www.todoeldia.com\/index.php\/wp-json\/wp\/v2\/posts\/69516\/revisions\/69519"}],"wp:featuredmedia":[{"embeddable":true,"href":"https:\/\/www.todoeldia.com\/index.php\/wp-json\/wp\/v2\/media\/69517"}],"wp:attachment":[{"href":"https:\/\/www.todoeldia.com\/index.php\/wp-json\/wp\/v2\/media?parent=69516"}],"wp:term":[{"taxonomy":"category","embeddable":true,"href":"https:\/\/www.todoeldia.com\/index.php\/wp-json\/wp\/v2\/categories?post=69516"},{"taxonomy":"post_tag","embeddable":true,"href":"https:\/\/www.todoeldia.com\/index.php\/wp-json\/wp\/v2\/tags?post=69516"}],"curies":[{"name":"wp","href":"https:\/\/api.w.org\/{rel}","templated":true}]}}