{"id":69520,"date":"2023-12-10T14:35:14","date_gmt":"2023-12-10T17:35:14","guid":{"rendered":"https:\/\/www.todoeldia.com\/?p=69520"},"modified":"2023-12-10T14:39:05","modified_gmt":"2023-12-10T17:39:05","slug":"milei-anticipo-que-la-situacion-empeorara-nos-dejaron-plantada-la-peor-herencia-de-la-historia","status":"publish","type":"post","link":"https:\/\/www.todoeldia.com\/index.php\/2023\/12\/10\/milei-anticipo-que-la-situacion-empeorara-nos-dejaron-plantada-la-peor-herencia-de-la-historia\/","title":{"rendered":"Milei anticip\u00f3 que la situaci\u00f3n empeorar\u00e1: \u201cNos dejaron plantada la peor herencia de la historia\u201d"},"content":{"rendered":"\n<p>El Presidente hizo un duro repaso de la herencia recibida y prometi\u00f3 hacer todos los esfuerzos para evitar \u201cla cat\u00e1strofe\u201d.<\/p>\n\n\n\n<figure class=\"wp-block-image size-large\"><img loading=\"lazy\" decoding=\"async\" width=\"1024\" height=\"576\" src=\"https:\/\/www.todoeldia.com\/wp-content\/uploads\/2023\/12\/image-100-1024x576.png\" alt=\"\" class=\"wp-image-69523\" srcset=\"https:\/\/www.todoeldia.com\/wp-content\/uploads\/2023\/12\/image-100-1024x576.png 1024w, https:\/\/www.todoeldia.com\/wp-content\/uploads\/2023\/12\/image-100-300x169.png 300w, https:\/\/www.todoeldia.com\/wp-content\/uploads\/2023\/12\/image-100-768x432.png 768w, https:\/\/www.todoeldia.com\/wp-content\/uploads\/2023\/12\/image-100-696x392.png 696w, https:\/\/www.todoeldia.com\/wp-content\/uploads\/2023\/12\/image-100-1068x601.png 1068w, https:\/\/www.todoeldia.com\/wp-content\/uploads\/2023\/12\/image-100-747x420.png 747w, https:\/\/www.todoeldia.com\/wp-content\/uploads\/2023\/12\/image-100.png 1200w\" sizes=\"auto, (max-width: 1024px) 100vw, 1024px\" \/><\/figure>\n\n\n\n<p>En su primer discurso como Presidente de la Naci\u00f3n, Javier Milei hizo foco en la herencia que recibi\u00f3 y las complejas dificultades econ\u00f3micas que enfrentar\u00e1 su gesti\u00f3n. Tambi\u00e9n le dedic\u00f3 palabras a la seguridad y al deterioro educativo del pa\u00eds. Adem\u00e1s, prometi\u00f3 que no habr\u00e1 \u201cvendettas\u201d contra pol\u00edticos de otros partidos y prometi\u00f3 que los piqueteros que corten calles no cobrar\u00e1n planes sociales.<\/p>\n\n\n\n<p>El jefe de Estado plante\u00f3 que el gobierno de Alberto Fern\u00e1ndez le dej\u00f3 \u201cplantada\u201d una \u201cinflaci\u00f3n anual de 15 mil por ciento\u201d. Por ese motivo -asegur\u00f3-dijo que no hay una soluci\u00f3n alternativa al ajuste.<\/p>\n\n\n\n<p>Ese ajuste, prometi\u00f3, \u201ccaer\u00e1 casi totalmente sobre el Estado y no sobre el sector privado\u201d.<\/p>\n\n\n\n<p>\u201cLa conclusi\u00f3n es que no hay alternativa al ajuste y no hay alternativa al shock, naturalmente eso repercutir\u00e1 de modo negativo sobre el nivel de actividad, el empleo, los salarios reales, la cantidad de pobres e indigentes\u201d, sintetiz\u00f3.<\/p>\n\n\n\n<p>Milei habl\u00f3 en las afueras del Congreso, frente a la Plaza, rodeado de presidentes y l\u00edderes de todo el mundo que llegaron a la Argentina para participar de los actos protocolares de asunci\u00f3n. Fueron 34 minutos y en un clima casi de verano, con sol radiante y 26 grados de temperatura.<\/p>\n\n\n\n<p>En el escenario estuvieron en primera fila y a la derecha del presidente electo Zelensky, el armenio Vahagn Jachaturi\u00e1n, el chileno Gabriel Boric y el rey Felipe VI de Espa\u00f1a. Y a su izquierda el paraguayo Santiago Pe\u00f1a, el uruguayo Luis Lacalle, el ecuatoriano Daniel Noboa, Viktor Orban (Hungr\u00eda) y el ex presidente de Brasil Jair Bolsonaro.<\/p>\n","protected":false},"excerpt":{"rendered":"<p>El Presidente hizo un duro repaso de la herencia recibida y prometi\u00f3 hacer todos los esfuerzos para evitar \u201cla cat\u00e1strofe\u201d. En su primer discurso como Presidente de la Naci\u00f3n, Javier Milei hizo foco en la herencia que recibi\u00f3 y las complejas dificultades econ\u00f3micas que enfrentar\u00e1 su gesti\u00f3n. Tambi\u00e9n le dedic\u00f3 palabras a la seguridad y [&hellip;]<\/p>\n","protected":false},"author":2,"featured_media":69521,"comment_status":"open","ping_status":"open","sticky":false,"template":"","format":"standard","meta":{"tdm_status":"","tdm_grid_status":"","_joinchat":[],"footnotes":""},"categories":[59],"tags":[],"class_list":{"0":"post-69520","1":"post","2":"type-post","3":"status-publish","4":"format-standard","5":"has-post-thumbnail","7":"category-politica"},"amp_enabled":true,"_links":{"self":[{"href":"https:\/\/www.todoeldia.com\/index.php\/wp-json\/wp\/v2\/posts\/69520","targetHints":{"allow":["GET"]}}],"collection":[{"href":"https:\/\/www.todoeldia.com\/index.php\/wp-json\/wp\/v2\/posts"}],"about":[{"href":"https:\/\/www.todoeldia.com\/index.php\/wp-json\/wp\/v2\/types\/post"}],"author":[{"embeddable":true,"href":"https:\/\/www.todoeldia.com\/index.php\/wp-json\/wp\/v2\/users\/2"}],"replies":[{"embeddable":true,"href":"https:\/\/www.todoeldia.com\/index.php\/wp-json\/wp\/v2\/comments?post=69520"}],"version-history":[{"count":2,"href":"https:\/\/www.todoeldia.com\/index.php\/wp-json\/wp\/v2\/posts\/69520\/revisions"}],"predecessor-version":[{"id":69525,"href":"https:\/\/www.todoeldia.com\/index.php\/wp-json\/wp\/v2\/posts\/69520\/revisions\/69525"}],"wp:featuredmedia":[{"embeddable":true,"href":"https:\/\/www.todoeldia.com\/index.php\/wp-json\/wp\/v2\/media\/69521"}],"wp:attachment":[{"href":"https:\/\/www.todoeldia.com\/index.php\/wp-json\/wp\/v2\/media?parent=69520"}],"wp:term":[{"taxonomy":"category","embeddable":true,"href":"https:\/\/www.todoeldia.com\/index.php\/wp-json\/wp\/v2\/categories?post=69520"},{"taxonomy":"post_tag","embeddable":true,"href":"https:\/\/www.todoeldia.com\/index.php\/wp-json\/wp\/v2\/tags?post=69520"}],"curies":[{"name":"wp","href":"https:\/\/api.w.org\/{rel}","templated":true}]}}