{"id":69526,"date":"2023-12-10T14:47:21","date_gmt":"2023-12-10T17:47:21","guid":{"rendered":"https:\/\/www.todoeldia.com\/?p=69526"},"modified":"2023-12-10T14:58:04","modified_gmt":"2023-12-10T17:58:04","slug":"el-fuck-you-de-cristina-kirchner-las-manos-en-los-bolsillos-y-las-sonrisas-con-javier-milei","status":"publish","type":"post","link":"https:\/\/www.todoeldia.com\/index.php\/2023\/12\/10\/el-fuck-you-de-cristina-kirchner-las-manos-en-los-bolsillos-y-las-sonrisas-con-javier-milei\/","title":{"rendered":"El fuck you de Cristina Kirchner, las manos en los bolsillos y las sonrisas con Javier Milei"},"content":{"rendered":"\n<p>Los momentos m\u00e1s destacados que protagoniz\u00f3 la vicepresidenta saliente durante el traspaso de mando en el Congreso de la Naci\u00f3n.<\/p>\n\n\n\n<figure class=\"wp-block-image size-full\"><img loading=\"lazy\" decoding=\"async\" width=\"992\" height=\"558\" src=\"https:\/\/www.todoeldia.com\/wp-content\/uploads\/2023\/12\/image-105.png\" alt=\"\" class=\"wp-image-69537\" srcset=\"https:\/\/www.todoeldia.com\/wp-content\/uploads\/2023\/12\/image-105.png 992w, https:\/\/www.todoeldia.com\/wp-content\/uploads\/2023\/12\/image-105-300x169.png 300w, https:\/\/www.todoeldia.com\/wp-content\/uploads\/2023\/12\/image-105-768x432.png 768w, https:\/\/www.todoeldia.com\/wp-content\/uploads\/2023\/12\/image-105-696x392.png 696w, https:\/\/www.todoeldia.com\/wp-content\/uploads\/2023\/12\/image-105-747x420.png 747w\" sizes=\"auto, (max-width: 992px) 100vw, 992px\" \/><\/figure>\n\n\n\n<p>A pesar de que ella no era la protagonista de la jornada, Cristina Kirchner protagoniz\u00f3 diversos gestos por los cuales se llev\u00f3 todas las miradas durante la asunci\u00f3n de Javier Milei como flamante presidente de la Naci\u00f3n. Entre ellos se destac\u00f3 el gesto inusual que la vicepresidenta saliente realiz\u00f3 al ingresar este mediod\u00eda al Congreso de la Naci\u00f3n.<\/p>\n\n\n\n<figure class=\"wp-block-image size-full is-resized\"><img loading=\"lazy\" decoding=\"async\" width=\"768\" height=\"432\" src=\"https:\/\/www.todoeldia.com\/wp-content\/uploads\/2023\/12\/image-101.png\" alt=\"\" class=\"wp-image-69528\" style=\"width:914px;height:auto\" srcset=\"https:\/\/www.todoeldia.com\/wp-content\/uploads\/2023\/12\/image-101.png 768w, https:\/\/www.todoeldia.com\/wp-content\/uploads\/2023\/12\/image-101-300x169.png 300w, https:\/\/www.todoeldia.com\/wp-content\/uploads\/2023\/12\/image-101-696x392.png 696w, https:\/\/www.todoeldia.com\/wp-content\/uploads\/2023\/12\/image-101-747x420.png 747w\" sizes=\"auto, (max-width: 768px) 100vw, 768px\" \/><\/figure>\n\n\n\n<p>La reacci\u00f3n de la referente del kirchnerismo ocurri\u00f3 a las 11.08, momento en el cual ingresaba al palacio legislativo acompa\u00f1ada por su hijo, M\u00e1ximo Kirchner. Al escuchar algunos insultos provenientes de un grupo de personas que se encontraba en las afueras del palacio legislativo, Cristina Kirchner elev\u00f3 el dedo medio de su mano derecha y respondi\u00f3 con un pol\u00e9mico fuck you.<\/p>\n\n\n\n<p>Tras realizar ese pol\u00e9mico gesto, continu\u00f3 su camino hacia la C\u00e1mara Alta para encabezar la sesi\u00f3n legislativa en la que m\u00e1s tarde le tom\u00f3 juramento a la vicepresidenta electa Victoria Villarruel.<\/p>\n\n\n\n<p>Una vez que Milei lleg\u00f3 al Congreso de la Naci\u00f3n, en medio de una multitud que aguardaba su arribo, Cristina Kirchner le dio la bienvenida al Presidente electo y lo salud\u00f3 con un apret\u00f3n de manos.<\/p>\n\n\n\n<p>\u201cViva la libertad carajo\u201d, escribi\u00f3 el referente libertario al lado de su firma en ambos cuadernos. Por su parte, la vicepresidenta Villarruel eligi\u00f3 el mensaje \u201ctodo por Argentina\u201d.<\/p>\n\n\n\n<figure class=\"wp-block-image size-full is-resized\"><img loading=\"lazy\" decoding=\"async\" width=\"768\" height=\"432\" src=\"https:\/\/www.todoeldia.com\/wp-content\/uploads\/2023\/12\/image-104.png\" alt=\"\" class=\"wp-image-69536\" style=\"width:914px;height:auto\" srcset=\"https:\/\/www.todoeldia.com\/wp-content\/uploads\/2023\/12\/image-104.png 768w, https:\/\/www.todoeldia.com\/wp-content\/uploads\/2023\/12\/image-104-300x169.png 300w, https:\/\/www.todoeldia.com\/wp-content\/uploads\/2023\/12\/image-104-696x392.png 696w, https:\/\/www.todoeldia.com\/wp-content\/uploads\/2023\/12\/image-104-747x420.png 747w\" sizes=\"auto, (max-width: 768px) 100vw, 768px\" \/><\/figure>\n\n\n\n<p>Finalizado ese paso protocolar, Cristina Kirchner le dio la presentaci\u00f3n en el recinto al presidente electo Milei, quien recibi\u00f3 una ovaci\u00f3n de sus legisladores.<\/p>\n\n\n\n<p>\u201cYo, Javier Gerardo Milei, juro por Dios y por la patria, sobre estos santos evangelios, desempe\u00f1ar con lealtad y patriotismo el cargo de Presidente de la Naci\u00f3n Argentina, y hacer observar fielmente en lo que mi depende la Constituci\u00f3n de la naci\u00f3n argentina. S\u00ed, juro\u201d, pronunci\u00f3 el flamante presidente argentino durante su juramento.<\/p>\n\n\n\n<p>En un intento por manifestar cierta tranquilidad a pesar de que estaba dejando el Gobierno, Cristina Kirchner se mostr\u00f3 siempre con las manos en los bolsillos de su vestido color rojo.<\/p>\n\n\n\n<figure class=\"wp-block-image size-full is-resized\"><img loading=\"lazy\" decoding=\"async\" width=\"491\" height=\"521\" src=\"https:\/\/www.todoeldia.com\/wp-content\/uploads\/2023\/12\/milei-colocando-banda.jpg\" alt=\"\" class=\"wp-image-69530\" style=\"width:1068px;height:auto\" srcset=\"https:\/\/www.todoeldia.com\/wp-content\/uploads\/2023\/12\/milei-colocando-banda.jpg 491w, https:\/\/www.todoeldia.com\/wp-content\/uploads\/2023\/12\/milei-colocando-banda-283x300.jpg 283w, https:\/\/www.todoeldia.com\/wp-content\/uploads\/2023\/12\/milei-colocando-banda-300x318.jpg 300w, https:\/\/www.todoeldia.com\/wp-content\/uploads\/2023\/12\/milei-colocando-banda-396x420.jpg 396w\" sizes=\"auto, (max-width: 491px) 100vw, 491px\" \/><\/figure>\n\n\n\n<p>Acto seguido, el presidente saliente Alberto Fern\u00e1ndez ingres\u00f3 a la c\u00e1mara para realizar el esperado traspaso de mando. Luego de colocarle la banda y entregarle el bast\u00f3n presidencial a Milei, el escribano mayor del Gobierno de la Naci\u00f3n procedi\u00f3 a leer el acta para darle paso a la firma de Alberto Fern\u00e1ndez y su sucesor en el cargo.<\/p>\n\n\n\n<figure class=\"wp-block-image size-full is-resized\"><img loading=\"lazy\" decoding=\"async\" width=\"768\" height=\"432\" src=\"https:\/\/www.todoeldia.com\/wp-content\/uploads\/2023\/12\/image-102.png\" alt=\"\" class=\"wp-image-69529\" style=\"width:914px;height:auto\" srcset=\"https:\/\/www.todoeldia.com\/wp-content\/uploads\/2023\/12\/image-102.png 768w, https:\/\/www.todoeldia.com\/wp-content\/uploads\/2023\/12\/image-102-300x169.png 300w, https:\/\/www.todoeldia.com\/wp-content\/uploads\/2023\/12\/image-102-696x392.png 696w, https:\/\/www.todoeldia.com\/wp-content\/uploads\/2023\/12\/image-102-747x420.png 747w\" sizes=\"auto, (max-width: 768px) 100vw, 768px\" \/><\/figure>\n\n\n\n<p><strong>El homenaje a sus cinco perros que Javier Milei le pidi\u00f3 al orfebre Juan Carlos Pallarols para la empu\u00f1adura de su bast\u00f3n presidencial.<\/strong><\/p>\n\n\n\n<p>En ese momento, Cristina no aguant\u00f3 la curiosidad, se acerc\u00f3 a Milei y le pidi\u00f3 que le mostrara la parte superior del bast\u00f3n presidencial que elabor\u00f3 el orfebre Juan Carlos Pallarols. Al aceptar su solicitud, la ex vicepresidenta y el libertario cruzaron algunos comentarios respecto a la pieza y esbozaron una sonrisa c\u00f3mplice.<\/p>\n\n\n\n<p>Luego trascendi\u00f3 el detalle del dise\u00f1o que llam\u00f3 la atenci\u00f3n de la referente del kirchnerismo. Se trata del tributo que Milei le pidi\u00f3 al artesano Pallarols para homenajear a sus cinco perros: Conan, Murray, Milton, Robert y Lucas.<\/p>\n\n\n\n<p><\/p>\n","protected":false},"excerpt":{"rendered":"<p>Los momentos m\u00e1s destacados que protagoniz\u00f3 la vicepresidenta saliente durante el traspaso de mando en el Congreso de la Naci\u00f3n. A pesar de que ella no era la protagonista de la jornada, Cristina Kirchner protagoniz\u00f3 diversos gestos por los cuales se llev\u00f3 todas las miradas durante la asunci\u00f3n de Javier Milei como flamante presidente de [&hellip;]<\/p>\n","protected":false},"author":2,"featured_media":69527,"comment_status":"open","ping_status":"open","sticky":false,"template":"","format":"standard","meta":{"tdm_status":"","tdm_grid_status":"","_joinchat":[],"footnotes":""},"categories":[59],"tags":[],"class_list":{"0":"post-69526","1":"post","2":"type-post","3":"status-publish","4":"format-standard","5":"has-post-thumbnail","7":"category-politica"},"amp_enabled":true,"_links":{"self":[{"href":"https:\/\/www.todoeldia.com\/index.php\/wp-json\/wp\/v2\/posts\/69526","targetHints":{"allow":["GET"]}}],"collection":[{"href":"https:\/\/www.todoeldia.com\/index.php\/wp-json\/wp\/v2\/posts"}],"about":[{"href":"https:\/\/www.todoeldia.com\/index.php\/wp-json\/wp\/v2\/types\/post"}],"author":[{"embeddable":true,"href":"https:\/\/www.todoeldia.com\/index.php\/wp-json\/wp\/v2\/users\/2"}],"replies":[{"embeddable":true,"href":"https:\/\/www.todoeldia.com\/index.php\/wp-json\/wp\/v2\/comments?post=69526"}],"version-history":[{"count":2,"href":"https:\/\/www.todoeldia.com\/index.php\/wp-json\/wp\/v2\/posts\/69526\/revisions"}],"predecessor-version":[{"id":69539,"href":"https:\/\/www.todoeldia.com\/index.php\/wp-json\/wp\/v2\/posts\/69526\/revisions\/69539"}],"wp:featuredmedia":[{"embeddable":true,"href":"https:\/\/www.todoeldia.com\/index.php\/wp-json\/wp\/v2\/media\/69527"}],"wp:attachment":[{"href":"https:\/\/www.todoeldia.com\/index.php\/wp-json\/wp\/v2\/media?parent=69526"}],"wp:term":[{"taxonomy":"category","embeddable":true,"href":"https:\/\/www.todoeldia.com\/index.php\/wp-json\/wp\/v2\/categories?post=69526"},{"taxonomy":"post_tag","embeddable":true,"href":"https:\/\/www.todoeldia.com\/index.php\/wp-json\/wp\/v2\/tags?post=69526"}],"curies":[{"name":"wp","href":"https:\/\/api.w.org\/{rel}","templated":true}]}}