{"id":69532,"date":"2023-12-10T14:52:11","date_gmt":"2023-12-10T17:52:11","guid":{"rendered":"https:\/\/www.todoeldia.com\/?p=69532"},"modified":"2023-12-10T14:52:12","modified_gmt":"2023-12-10T17:52:12","slug":"los-gritos-pidiendo-motosierra-el-recinto-semivacio-lo-que-no-se-vio-de-la-asamblea-legislativa","status":"publish","type":"post","link":"https:\/\/www.todoeldia.com\/index.php\/2023\/12\/10\/los-gritos-pidiendo-motosierra-el-recinto-semivacio-lo-que-no-se-vio-de-la-asamblea-legislativa\/","title":{"rendered":"Los gritos pidiendo motosierra, el recinto semivac\u00edo: lo que no se vio de la Asamblea Legislativa"},"content":{"rendered":"\n<p>Luego de jurar como Presidente, Milei decidi\u00f3 no hablar ante senadores y diputados. Los libertarios siguieron el discurso desde sus bancas y el resto de los partidos se retir\u00f3 con muestras de fastidio.<\/p>\n\n\n\n<p>Javier Milei jur\u00f3 como Presidente de la Naci\u00f3n y se retir\u00f3 sin hablar ante la Asamblea Legislativa. Fue el primer mandatario en la historia que decidi\u00f3 no inaugurar su gesti\u00f3n con un discurso ante diputados, senadores, jueces de la Corte Suprema e invitados internacionales dentro del Congreso.<\/p>\n\n\n\n<figure class=\"wp-block-image size-full is-resized\"><img loading=\"lazy\" decoding=\"async\" width=\"768\" height=\"432\" src=\"https:\/\/www.todoeldia.com\/wp-content\/uploads\/2023\/12\/image-103.png\" alt=\"\" class=\"wp-image-69534\" style=\"width:914px;height:auto\" srcset=\"https:\/\/www.todoeldia.com\/wp-content\/uploads\/2023\/12\/image-103.png 768w, https:\/\/www.todoeldia.com\/wp-content\/uploads\/2023\/12\/image-103-300x169.png 300w, https:\/\/www.todoeldia.com\/wp-content\/uploads\/2023\/12\/image-103-696x392.png 696w, https:\/\/www.todoeldia.com\/wp-content\/uploads\/2023\/12\/image-103-747x420.png 747w\" sizes=\"auto, (max-width: 768px) 100vw, 768px\" \/><\/figure>\n\n\n\n<p><strong>La selfie de los legisladores libertarios<\/strong><\/p>\n\n\n\n<p>El l\u00edder de La Libertad Avanza eligi\u00f3 dar sus primeras palabras desde un escenario montada sobre la explanada, ante la ciudadan\u00eda y \u201cde espaldas a la casta\u201d, como explicaron en los d\u00edas previos desde su entorno.<\/p>\n\n\n\n<p>La ceremonia en el recinto fue escueta y protocolar. Milei jur\u00f3 desempe\u00f1ar su cargo con lealtad y patriotismo y luego recibi\u00f3 de manos de Alberto Fern\u00e1ndez los atributos de mando, la banda y el bast\u00f3n presidencial. Fue justamente el grabado de plata del bast\u00f3n uno de los puntos de conversaci\u00f3n entre el libertario y CFK, ambos sonrieron.<\/p>\n\n\n\n<p>Al anunciar que el Presidente dar\u00eda su discurso en las escalinatas del Congreso, las autoridades de Protocolo de la C\u00e1mara pidieron a los diputados y senadores que permanezcan sentados en sus lugares para seguir las palabras del Presidente a trav\u00e9s de las pantallas gigantes del recinto.<\/p>\n","protected":false},"excerpt":{"rendered":"<p>Luego de jurar como Presidente, Milei decidi\u00f3 no hablar ante senadores y diputados. Los libertarios siguieron el discurso desde sus bancas y el resto de los partidos se retir\u00f3 con muestras de fastidio. Javier Milei jur\u00f3 como Presidente de la Naci\u00f3n y se retir\u00f3 sin hablar ante la Asamblea Legislativa. Fue el primer mandatario en [&hellip;]<\/p>\n","protected":false},"author":2,"featured_media":69533,"comment_status":"open","ping_status":"open","sticky":false,"template":"","format":"standard","meta":{"tdm_status":"","tdm_grid_status":"","_joinchat":[],"footnotes":""},"categories":[59],"tags":[],"class_list":{"0":"post-69532","1":"post","2":"type-post","3":"status-publish","4":"format-standard","5":"has-post-thumbnail","7":"category-politica"},"amp_enabled":true,"_links":{"self":[{"href":"https:\/\/www.todoeldia.com\/index.php\/wp-json\/wp\/v2\/posts\/69532","targetHints":{"allow":["GET"]}}],"collection":[{"href":"https:\/\/www.todoeldia.com\/index.php\/wp-json\/wp\/v2\/posts"}],"about":[{"href":"https:\/\/www.todoeldia.com\/index.php\/wp-json\/wp\/v2\/types\/post"}],"author":[{"embeddable":true,"href":"https:\/\/www.todoeldia.com\/index.php\/wp-json\/wp\/v2\/users\/2"}],"replies":[{"embeddable":true,"href":"https:\/\/www.todoeldia.com\/index.php\/wp-json\/wp\/v2\/comments?post=69532"}],"version-history":[{"count":1,"href":"https:\/\/www.todoeldia.com\/index.php\/wp-json\/wp\/v2\/posts\/69532\/revisions"}],"predecessor-version":[{"id":69535,"href":"https:\/\/www.todoeldia.com\/index.php\/wp-json\/wp\/v2\/posts\/69532\/revisions\/69535"}],"wp:featuredmedia":[{"embeddable":true,"href":"https:\/\/www.todoeldia.com\/index.php\/wp-json\/wp\/v2\/media\/69533"}],"wp:attachment":[{"href":"https:\/\/www.todoeldia.com\/index.php\/wp-json\/wp\/v2\/media?parent=69532"}],"wp:term":[{"taxonomy":"category","embeddable":true,"href":"https:\/\/www.todoeldia.com\/index.php\/wp-json\/wp\/v2\/categories?post=69532"},{"taxonomy":"post_tag","embeddable":true,"href":"https:\/\/www.todoeldia.com\/index.php\/wp-json\/wp\/v2\/tags?post=69532"}],"curies":[{"name":"wp","href":"https:\/\/api.w.org\/{rel}","templated":true}]}}