{"id":69540,"date":"2023-12-10T15:07:16","date_gmt":"2023-12-10T18:07:16","guid":{"rendered":"https:\/\/www.todoeldia.com\/?p=69540"},"modified":"2023-12-10T15:07:17","modified_gmt":"2023-12-10T18:07:17","slug":"el-look-de-los-invitados-en-el-casamiento-de-baby-etchecopar-y-silvina-cupeiro","status":"publish","type":"post","link":"https:\/\/www.todoeldia.com\/index.php\/2023\/12\/10\/el-look-de-los-invitados-en-el-casamiento-de-baby-etchecopar-y-silvina-cupeiro\/","title":{"rendered":"El look de los invitados en el casamiento de Baby Etchecopar y Silvina Cupeiro"},"content":{"rendered":"\n<p>Personalidades del periodismo, la pol\u00edtica, el espect\u00e1culo y el \u00e1mbito empresarial se dieron cita en un elegante sal\u00f3n de la costanera para celebrar junto al conductor y su flamante esposa.<\/p>\n\n\n\n<figure class=\"wp-block-image size-large is-resized\"><img loading=\"lazy\" decoding=\"async\" width=\"683\" height=\"1024\" src=\"https:\/\/www.todoeldia.com\/wp-content\/uploads\/2023\/12\/image-106-683x1024.png\" alt=\"\" class=\"wp-image-69542\" style=\"width:914px;height:auto\" srcset=\"https:\/\/www.todoeldia.com\/wp-content\/uploads\/2023\/12\/image-106-683x1024.png 683w, https:\/\/www.todoeldia.com\/wp-content\/uploads\/2023\/12\/image-106-200x300.png 200w, https:\/\/www.todoeldia.com\/wp-content\/uploads\/2023\/12\/image-106-300x450.png 300w, https:\/\/www.todoeldia.com\/wp-content\/uploads\/2023\/12\/image-106-696x1044.png 696w, https:\/\/www.todoeldia.com\/wp-content\/uploads\/2023\/12\/image-106-280x420.png 280w, https:\/\/www.todoeldia.com\/wp-content\/uploads\/2023\/12\/image-106.png 768w\" sizes=\"auto, (max-width: 683px) 100vw, 683px\" \/><\/figure>\n\n\n\n<p><strong>Guillermo Francella y Maryn\u00e9s Bre\u00f1a<\/strong><\/p>\n\n\n\n<p>Baby Etchecopar y Silvina Cupeiro dieron el s\u00ed en una emotiva ceremonia junto a sus familiares y amigos. La ceremonia comenz\u00f3 cerca de las 18:30 en Rut Haus, en Costanera Norte, y de esta manera pusieron la r\u00fabrica a un amor de seis a\u00f1os. Y a juzgar lo que propusieron los novios en la invitaci\u00f3n formal, la fiesta reci\u00e9n est\u00e1 empezando.<\/p>\n\n\n\n<figure class=\"wp-block-image size-large is-resized\"><img loading=\"lazy\" decoding=\"async\" width=\"683\" height=\"1024\" src=\"https:\/\/www.todoeldia.com\/wp-content\/uploads\/2023\/12\/image-107-683x1024.png\" alt=\"\" class=\"wp-image-69543\" style=\"width:914px;height:auto\" srcset=\"https:\/\/www.todoeldia.com\/wp-content\/uploads\/2023\/12\/image-107-683x1024.png 683w, https:\/\/www.todoeldia.com\/wp-content\/uploads\/2023\/12\/image-107-200x300.png 200w, https:\/\/www.todoeldia.com\/wp-content\/uploads\/2023\/12\/image-107-300x450.png 300w, https:\/\/www.todoeldia.com\/wp-content\/uploads\/2023\/12\/image-107-696x1044.png 696w, https:\/\/www.todoeldia.com\/wp-content\/uploads\/2023\/12\/image-107-280x420.png 280w, https:\/\/www.todoeldia.com\/wp-content\/uploads\/2023\/12\/image-107.png 768w\" sizes=\"auto, (max-width: 683px) 100vw, 683px\" \/><\/figure>\n\n\n\n<p><strong>El economista Mart\u00edn Redrado y Lul\u00fa Sanguinetti<\/strong><\/p>\n\n\n\n<p>\u201c\u00a1\u00a1\u00a1Nos cost\u00f3 mucho lograr esta conga, as\u00ed que no se va nadie hasta que no nos vamos nosotros!!!\u201d, dice el texto con pretendido tono informal para dar cuenta del esp\u00edritu del encuentro. Donde las formalidades se atrever\u00e1n a quedarse a un lado. Y habr\u00e1 rienda suelta a la alegr\u00eda, y a esa felicidad indescriptible que es ver feliz a los amigos.<\/p>\n\n\n\n<figure class=\"wp-block-image size-large is-resized\"><img loading=\"lazy\" decoding=\"async\" width=\"683\" height=\"1024\" src=\"https:\/\/www.todoeldia.com\/wp-content\/uploads\/2023\/12\/image-108-683x1024.png\" alt=\"\" class=\"wp-image-69544\" style=\"width:914px;height:auto\" srcset=\"https:\/\/www.todoeldia.com\/wp-content\/uploads\/2023\/12\/image-108-683x1024.png 683w, https:\/\/www.todoeldia.com\/wp-content\/uploads\/2023\/12\/image-108-200x300.png 200w, https:\/\/www.todoeldia.com\/wp-content\/uploads\/2023\/12\/image-108-300x450.png 300w, https:\/\/www.todoeldia.com\/wp-content\/uploads\/2023\/12\/image-108-696x1044.png 696w, https:\/\/www.todoeldia.com\/wp-content\/uploads\/2023\/12\/image-108-280x420.png 280w, https:\/\/www.todoeldia.com\/wp-content\/uploads\/2023\/12\/image-108.png 768w\" sizes=\"auto, (max-width: 683px) 100vw, 683px\" \/><\/figure>\n\n\n\n<p><strong>Eduardo Eurnekian, presidente de Corporaci\u00f3n Am\u00e9rica, junto Carolina Barros, directora de Corporaci\u00f3n Am\u00e9rica<\/strong><\/p>\n\n\n\n<figure class=\"wp-block-image size-full is-resized\"><img loading=\"lazy\" decoding=\"async\" width=\"768\" height=\"512\" src=\"https:\/\/www.todoeldia.com\/wp-content\/uploads\/2023\/12\/image-109.png\" alt=\"\" class=\"wp-image-69545\" style=\"width:914px;height:auto\" srcset=\"https:\/\/www.todoeldia.com\/wp-content\/uploads\/2023\/12\/image-109.png 768w, https:\/\/www.todoeldia.com\/wp-content\/uploads\/2023\/12\/image-109-300x200.png 300w, https:\/\/www.todoeldia.com\/wp-content\/uploads\/2023\/12\/image-109-696x464.png 696w, https:\/\/www.todoeldia.com\/wp-content\/uploads\/2023\/12\/image-109-630x420.png 630w\" sizes=\"auto, (max-width: 768px) 100vw, 768px\" \/><\/figure>\n\n\n\n<p><strong>Eduardo Feinmann fue el padrino de la boda<\/strong><\/p>\n\n\n\n<figure class=\"wp-block-image size-large is-resized\"><img loading=\"lazy\" decoding=\"async\" width=\"683\" height=\"1024\" src=\"https:\/\/www.todoeldia.com\/wp-content\/uploads\/2023\/12\/image-110-683x1024.png\" alt=\"\" class=\"wp-image-69546\" style=\"width:914px;height:auto\" srcset=\"https:\/\/www.todoeldia.com\/wp-content\/uploads\/2023\/12\/image-110-683x1024.png 683w, https:\/\/www.todoeldia.com\/wp-content\/uploads\/2023\/12\/image-110-200x300.png 200w, https:\/\/www.todoeldia.com\/wp-content\/uploads\/2023\/12\/image-110-300x450.png 300w, https:\/\/www.todoeldia.com\/wp-content\/uploads\/2023\/12\/image-110-696x1044.png 696w, https:\/\/www.todoeldia.com\/wp-content\/uploads\/2023\/12\/image-110-280x420.png 280w, https:\/\/www.todoeldia.com\/wp-content\/uploads\/2023\/12\/image-110.png 768w\" sizes=\"auto, (max-width: 683px) 100vw, 683px\" \/><\/figure>\n\n\n\n<p><strong>Mar\u00eda Laura Santill\u00e1n, periodista de Infobae y LN+<\/strong><\/p>\n\n\n\n<figure class=\"wp-block-image size-large is-resized\"><img loading=\"lazy\" decoding=\"async\" width=\"683\" height=\"1024\" src=\"https:\/\/www.todoeldia.com\/wp-content\/uploads\/2023\/12\/image-111-683x1024.png\" alt=\"\" class=\"wp-image-69547\" style=\"width:914px;height:auto\" srcset=\"https:\/\/www.todoeldia.com\/wp-content\/uploads\/2023\/12\/image-111-683x1024.png 683w, https:\/\/www.todoeldia.com\/wp-content\/uploads\/2023\/12\/image-111-200x300.png 200w, https:\/\/www.todoeldia.com\/wp-content\/uploads\/2023\/12\/image-111-300x450.png 300w, https:\/\/www.todoeldia.com\/wp-content\/uploads\/2023\/12\/image-111-696x1044.png 696w, https:\/\/www.todoeldia.com\/wp-content\/uploads\/2023\/12\/image-111-280x420.png 280w, https:\/\/www.todoeldia.com\/wp-content\/uploads\/2023\/12\/image-111.png 768w\" sizes=\"auto, (max-width: 683px) 100vw, 683px\" \/><\/figure>\n\n\n\n<p><strong>Daniel Hadad, fundador y CEO de Infobae, y su mujer Viviana Zocco, fundadora y CEO de Ticmas<\/strong><\/p>\n\n\n\n<figure class=\"wp-block-image size-large is-resized\"><img loading=\"lazy\" decoding=\"async\" width=\"683\" height=\"1024\" src=\"https:\/\/www.todoeldia.com\/wp-content\/uploads\/2023\/12\/image-112-683x1024.png\" alt=\"\" class=\"wp-image-69548\" style=\"width:914px;height:auto\" srcset=\"https:\/\/www.todoeldia.com\/wp-content\/uploads\/2023\/12\/image-112-683x1024.png 683w, https:\/\/www.todoeldia.com\/wp-content\/uploads\/2023\/12\/image-112-200x300.png 200w, https:\/\/www.todoeldia.com\/wp-content\/uploads\/2023\/12\/image-112-300x450.png 300w, https:\/\/www.todoeldia.com\/wp-content\/uploads\/2023\/12\/image-112-696x1044.png 696w, https:\/\/www.todoeldia.com\/wp-content\/uploads\/2023\/12\/image-112-280x420.png 280w, https:\/\/www.todoeldia.com\/wp-content\/uploads\/2023\/12\/image-112.png 768w\" sizes=\"auto, (max-width: 683px) 100vw, 683px\" \/><\/figure>\n\n\n\n<p><strong>Yanina Latorre, panelista de LAM y conductora en Radio El Observador<\/strong><\/p>\n\n\n\n<figure class=\"wp-block-image size-large is-resized\"><img loading=\"lazy\" decoding=\"async\" width=\"683\" height=\"1024\" src=\"https:\/\/www.todoeldia.com\/wp-content\/uploads\/2023\/12\/image-113-683x1024.png\" alt=\"\" class=\"wp-image-69549\" style=\"width:914px;height:auto\" srcset=\"https:\/\/www.todoeldia.com\/wp-content\/uploads\/2023\/12\/image-113-683x1024.png 683w, https:\/\/www.todoeldia.com\/wp-content\/uploads\/2023\/12\/image-113-200x300.png 200w, https:\/\/www.todoeldia.com\/wp-content\/uploads\/2023\/12\/image-113-300x450.png 300w, https:\/\/www.todoeldia.com\/wp-content\/uploads\/2023\/12\/image-113-696x1044.png 696w, https:\/\/www.todoeldia.com\/wp-content\/uploads\/2023\/12\/image-113-280x420.png 280w, https:\/\/www.todoeldia.com\/wp-content\/uploads\/2023\/12\/image-113.png 768w\" sizes=\"auto, (max-width: 683px) 100vw, 683px\" \/><\/figure>\n\n\n\n<p><strong>Marina Calabr\u00f3, periodista de Lanata sin filtro<\/strong><\/p>\n\n\n\n<figure class=\"wp-block-image size-large is-resized\"><img loading=\"lazy\" decoding=\"async\" width=\"683\" height=\"1024\" src=\"https:\/\/www.todoeldia.com\/wp-content\/uploads\/2023\/12\/image-114-683x1024.png\" alt=\"\" class=\"wp-image-69550\" style=\"width:914px;height:auto\" srcset=\"https:\/\/www.todoeldia.com\/wp-content\/uploads\/2023\/12\/image-114-683x1024.png 683w, https:\/\/www.todoeldia.com\/wp-content\/uploads\/2023\/12\/image-114-200x300.png 200w, https:\/\/www.todoeldia.com\/wp-content\/uploads\/2023\/12\/image-114-300x450.png 300w, https:\/\/www.todoeldia.com\/wp-content\/uploads\/2023\/12\/image-114-696x1044.png 696w, https:\/\/www.todoeldia.com\/wp-content\/uploads\/2023\/12\/image-114-280x420.png 280w, https:\/\/www.todoeldia.com\/wp-content\/uploads\/2023\/12\/image-114.png 768w\" sizes=\"auto, (max-width: 683px) 100vw, 683px\" \/><\/figure>\n\n\n\n<p><strong>Gustavo Sofovich presente en la ceremonia<\/strong><\/p>\n\n\n\n<figure class=\"wp-block-image size-large is-resized\"><img loading=\"lazy\" decoding=\"async\" width=\"683\" height=\"1024\" src=\"https:\/\/www.todoeldia.com\/wp-content\/uploads\/2023\/12\/image-115-683x1024.png\" alt=\"\" class=\"wp-image-69551\" style=\"width:914px;height:auto\" srcset=\"https:\/\/www.todoeldia.com\/wp-content\/uploads\/2023\/12\/image-115-683x1024.png 683w, https:\/\/www.todoeldia.com\/wp-content\/uploads\/2023\/12\/image-115-200x300.png 200w, https:\/\/www.todoeldia.com\/wp-content\/uploads\/2023\/12\/image-115-300x450.png 300w, https:\/\/www.todoeldia.com\/wp-content\/uploads\/2023\/12\/image-115-696x1044.png 696w, https:\/\/www.todoeldia.com\/wp-content\/uploads\/2023\/12\/image-115-280x420.png 280w, https:\/\/www.todoeldia.com\/wp-content\/uploads\/2023\/12\/image-115.png 768w\" sizes=\"auto, (max-width: 683px) 100vw, 683px\" \/><\/figure>\n\n\n\n<p><strong>Mariano Yezze y su esposa Andrea Rubiolo<\/strong><\/p>\n\n\n\n<figure class=\"wp-block-image size-large is-resized\"><img loading=\"lazy\" decoding=\"async\" width=\"683\" height=\"1024\" src=\"https:\/\/www.todoeldia.com\/wp-content\/uploads\/2023\/12\/image-116-683x1024.png\" alt=\"\" class=\"wp-image-69552\" style=\"width:914px;height:auto\" srcset=\"https:\/\/www.todoeldia.com\/wp-content\/uploads\/2023\/12\/image-116-683x1024.png 683w, https:\/\/www.todoeldia.com\/wp-content\/uploads\/2023\/12\/image-116-200x300.png 200w, https:\/\/www.todoeldia.com\/wp-content\/uploads\/2023\/12\/image-116-300x450.png 300w, https:\/\/www.todoeldia.com\/wp-content\/uploads\/2023\/12\/image-116-696x1044.png 696w, https:\/\/www.todoeldia.com\/wp-content\/uploads\/2023\/12\/image-116-280x420.png 280w, https:\/\/www.todoeldia.com\/wp-content\/uploads\/2023\/12\/image-116.png 768w\" sizes=\"auto, (max-width: 683px) 100vw, 683px\" \/><\/figure>\n\n\n\n<p><strong>Claudia Villafa\u00f1e fue la organizadora del evento. Desde temprano, se encarg\u00f3 de no dejar ning\u00fan detalle librado al azar para que los invitados disfrutaran de una gran noche.<\/strong><\/p>\n\n\n\n<figure class=\"wp-block-image size-full is-resized\"><img loading=\"lazy\" decoding=\"async\" width=\"768\" height=\"1024\" src=\"https:\/\/www.todoeldia.com\/wp-content\/uploads\/2023\/12\/image-117.png\" alt=\"\" class=\"wp-image-69553\" style=\"width:914px;height:auto\" srcset=\"https:\/\/www.todoeldia.com\/wp-content\/uploads\/2023\/12\/image-117.png 768w, https:\/\/www.todoeldia.com\/wp-content\/uploads\/2023\/12\/image-117-225x300.png 225w, https:\/\/www.todoeldia.com\/wp-content\/uploads\/2023\/12\/image-117-300x400.png 300w, https:\/\/www.todoeldia.com\/wp-content\/uploads\/2023\/12\/image-117-696x928.png 696w, https:\/\/www.todoeldia.com\/wp-content\/uploads\/2023\/12\/image-117-315x420.png 315w\" sizes=\"auto, (max-width: 768px) 100vw, 768px\" \/><\/figure>\n\n\n\n<p><strong>Zulemita Menem, la novia, Silvina Cupeiro, Natalia Denegri y M\u00f3nica Gostanian<\/strong><\/p>\n\n\n\n<p><\/p>\n\n\n\n<p><\/p>\n","protected":false},"excerpt":{"rendered":"<p>Personalidades del periodismo, la pol\u00edtica, el espect\u00e1culo y el \u00e1mbito empresarial se dieron cita en un elegante sal\u00f3n de la costanera para celebrar junto al conductor y su flamante esposa. Guillermo Francella y Maryn\u00e9s Bre\u00f1a Baby Etchecopar y Silvina Cupeiro dieron el s\u00ed en una emotiva ceremonia junto a sus familiares y amigos. La ceremonia [&hellip;]<\/p>\n","protected":false},"author":2,"featured_media":69541,"comment_status":"open","ping_status":"open","sticky":false,"template":"","format":"standard","meta":{"tdm_status":"","tdm_grid_status":"","_joinchat":[],"footnotes":""},"categories":[120],"tags":[],"class_list":{"0":"post-69540","1":"post","2":"type-post","3":"status-publish","4":"format-standard","5":"has-post-thumbnail","7":"category-espectaculos-2"},"amp_enabled":true,"_links":{"self":[{"href":"https:\/\/www.todoeldia.com\/index.php\/wp-json\/wp\/v2\/posts\/69540","targetHints":{"allow":["GET"]}}],"collection":[{"href":"https:\/\/www.todoeldia.com\/index.php\/wp-json\/wp\/v2\/posts"}],"about":[{"href":"https:\/\/www.todoeldia.com\/index.php\/wp-json\/wp\/v2\/types\/post"}],"author":[{"embeddable":true,"href":"https:\/\/www.todoeldia.com\/index.php\/wp-json\/wp\/v2\/users\/2"}],"replies":[{"embeddable":true,"href":"https:\/\/www.todoeldia.com\/index.php\/wp-json\/wp\/v2\/comments?post=69540"}],"version-history":[{"count":1,"href":"https:\/\/www.todoeldia.com\/index.php\/wp-json\/wp\/v2\/posts\/69540\/revisions"}],"predecessor-version":[{"id":69554,"href":"https:\/\/www.todoeldia.com\/index.php\/wp-json\/wp\/v2\/posts\/69540\/revisions\/69554"}],"wp:featuredmedia":[{"embeddable":true,"href":"https:\/\/www.todoeldia.com\/index.php\/wp-json\/wp\/v2\/media\/69541"}],"wp:attachment":[{"href":"https:\/\/www.todoeldia.com\/index.php\/wp-json\/wp\/v2\/media?parent=69540"}],"wp:term":[{"taxonomy":"category","embeddable":true,"href":"https:\/\/www.todoeldia.com\/index.php\/wp-json\/wp\/v2\/categories?post=69540"},{"taxonomy":"post_tag","embeddable":true,"href":"https:\/\/www.todoeldia.com\/index.php\/wp-json\/wp\/v2\/tags?post=69540"}],"curies":[{"name":"wp","href":"https:\/\/api.w.org\/{rel}","templated":true}]}}