{"id":69558,"date":"2023-12-10T15:33:17","date_gmt":"2023-12-10T18:33:17","guid":{"rendered":"https:\/\/www.todoeldia.com\/?p=69558"},"modified":"2023-12-10T15:33:19","modified_gmt":"2023-12-10T18:33:19","slug":"milei-sobre-los-planes-sociales-el-que-corta-la-calle-no-cobra","status":"publish","type":"post","link":"https:\/\/www.todoeldia.com\/index.php\/2023\/12\/10\/milei-sobre-los-planes-sociales-el-que-corta-la-calle-no-cobra\/","title":{"rendered":"Milei, sobre los planes sociales: &#8220;El que corta la calle, no cobra&#8221;"},"content":{"rendered":"\n<p>El presidente brind\u00f3 un duro discurso en el que resalt\u00f3 tambi\u00e9n el ajuste realizar\u00e1.<\/p>\n\n\n\n<p>El presidente Javier Milei asegur\u00f3 que los beneficiarios de planes sociales que corten la calle no \u201ccobrar\u00e1n\u201d. Lo dijo durante su primer discurso como mandatario.<\/p>\n\n\n\n<p>\u201cQuien corta la calle no recibir\u00e1 la asistencia del Estado: el que corta no cobra\u201d, lanz\u00f3 Milei desde el atril dispuesto en las escalinatas del Congreso de la Naci\u00f3n.<\/p>\n\n\n\n<p>En esa l\u00ednea, el jefe de Estado resalt\u00f3: \u201cEs un pa\u00eds que contiene a los que lo necesitan, pero que no se deja extorsionar\u201d.<\/p>\n\n\n\n<p>Milei esboz\u00f3 un duro discurso en el que enfatiz\u00f3 en el ajuste \u201cobligado\u201d que deber\u00e1 implementar.<\/p>\n","protected":false},"excerpt":{"rendered":"<p>El presidente brind\u00f3 un duro discurso en el que resalt\u00f3 tambi\u00e9n el ajuste realizar\u00e1. El presidente Javier Milei asegur\u00f3 que los beneficiarios de planes sociales que corten la calle no \u201ccobrar\u00e1n\u201d. Lo dijo durante su primer discurso como mandatario. \u201cQuien corta la calle no recibir\u00e1 la asistencia del Estado: el que corta no cobra\u201d, lanz\u00f3 [&hellip;]<\/p>\n","protected":false},"author":2,"featured_media":69559,"comment_status":"open","ping_status":"open","sticky":false,"template":"","format":"standard","meta":{"tdm_status":"","tdm_grid_status":"","_joinchat":[],"footnotes":""},"categories":[59],"tags":[],"class_list":{"0":"post-69558","1":"post","2":"type-post","3":"status-publish","4":"format-standard","5":"has-post-thumbnail","7":"category-politica"},"amp_enabled":true,"_links":{"self":[{"href":"https:\/\/www.todoeldia.com\/index.php\/wp-json\/wp\/v2\/posts\/69558","targetHints":{"allow":["GET"]}}],"collection":[{"href":"https:\/\/www.todoeldia.com\/index.php\/wp-json\/wp\/v2\/posts"}],"about":[{"href":"https:\/\/www.todoeldia.com\/index.php\/wp-json\/wp\/v2\/types\/post"}],"author":[{"embeddable":true,"href":"https:\/\/www.todoeldia.com\/index.php\/wp-json\/wp\/v2\/users\/2"}],"replies":[{"embeddable":true,"href":"https:\/\/www.todoeldia.com\/index.php\/wp-json\/wp\/v2\/comments?post=69558"}],"version-history":[{"count":1,"href":"https:\/\/www.todoeldia.com\/index.php\/wp-json\/wp\/v2\/posts\/69558\/revisions"}],"predecessor-version":[{"id":69560,"href":"https:\/\/www.todoeldia.com\/index.php\/wp-json\/wp\/v2\/posts\/69558\/revisions\/69560"}],"wp:featuredmedia":[{"embeddable":true,"href":"https:\/\/www.todoeldia.com\/index.php\/wp-json\/wp\/v2\/media\/69559"}],"wp:attachment":[{"href":"https:\/\/www.todoeldia.com\/index.php\/wp-json\/wp\/v2\/media?parent=69558"}],"wp:term":[{"taxonomy":"category","embeddable":true,"href":"https:\/\/www.todoeldia.com\/index.php\/wp-json\/wp\/v2\/categories?post=69558"},{"taxonomy":"post_tag","embeddable":true,"href":"https:\/\/www.todoeldia.com\/index.php\/wp-json\/wp\/v2\/tags?post=69558"}],"curies":[{"name":"wp","href":"https:\/\/api.w.org\/{rel}","templated":true}]}}