{"id":69561,"date":"2023-12-10T15:39:26","date_gmt":"2023-12-10T18:39:26","guid":{"rendered":"https:\/\/www.todoeldia.com\/?p=69561"},"modified":"2023-12-10T15:41:41","modified_gmt":"2023-12-10T18:41:41","slug":"pablo-gonzalez-antes-de-irse-se-hizo-pagar-vacaciones-por-mas-de-6-millones-de-pesos","status":"publish","type":"post","link":"https:\/\/www.todoeldia.com\/index.php\/2023\/12\/10\/pablo-gonzalez-antes-de-irse-se-hizo-pagar-vacaciones-por-mas-de-6-millones-de-pesos\/","title":{"rendered":"Pablo Gonz\u00e1lez antes de irse se hizo pagar vacaciones por m\u00e1s de 8 millones de pesos"},"content":{"rendered":"\n<p>El final de la gesti\u00f3n de Pablo Gonz\u00e1lez en Or\u00e1n fue un reflejo de sus cuatro a\u00f1os en la conducci\u00f3n del municipio norte\u00f1o. A los serios problemas en los servicios municipales, poca presencia ante conflictos propios y ajenos, le suma para el final un duro cruce con la futura gesti\u00f3n y una posible denuncia.<\/p>\n\n\n\n<p>En redes sociales circularon datos del cobro de casi 9 millones de pesos en concepto de vacaciones que percibi\u00f3 Gonz\u00e1lez y parte de la planta pol\u00edtica.<\/p>\n\n\n\n<figure class=\"wp-block-image size-large\"><img loading=\"lazy\" decoding=\"async\" width=\"1024\" height=\"668\" src=\"https:\/\/www.todoeldia.com\/wp-content\/uploads\/2023\/12\/pago-a-gonzalez-1024x668.jpg\" alt=\"\" class=\"wp-image-69564\" srcset=\"https:\/\/www.todoeldia.com\/wp-content\/uploads\/2023\/12\/pago-a-gonzalez-1024x668.jpg 1024w, https:\/\/www.todoeldia.com\/wp-content\/uploads\/2023\/12\/pago-a-gonzalez-300x196.jpg 300w, https:\/\/www.todoeldia.com\/wp-content\/uploads\/2023\/12\/pago-a-gonzalez-768x501.jpg 768w, https:\/\/www.todoeldia.com\/wp-content\/uploads\/2023\/12\/pago-a-gonzalez-696x454.jpg 696w, https:\/\/www.todoeldia.com\/wp-content\/uploads\/2023\/12\/pago-a-gonzalez-1068x697.jpg 1068w, https:\/\/www.todoeldia.com\/wp-content\/uploads\/2023\/12\/pago-a-gonzalez-644x420.jpg 644w, https:\/\/www.todoeldia.com\/wp-content\/uploads\/2023\/12\/pago-a-gonzalez.jpg 1073w\" sizes=\"auto, (max-width: 1024px) 100vw, 1024px\" \/><\/figure>\n\n\n\n<p>Esto gener\u00f3 un enorme repudio social, de muchos proveedores que tienen deudas de meses y especialmente de empleados municipales. \u201cCompa\u00f1eros, ac\u00e1 hay una sola realidad que no podemos dejar pasar, todos los que se est\u00e1n yendo, el d\u00eda jueves cobraron sus vacaciones desde el a\u00f1o 2020 al a\u00f1o 2023 y a los trabajadores los dejaron en la lona&#8221; escribi\u00f3 el sindicalista Mario \u00c1lvarez.<\/p>\n\n\n\n<p>El jueves se public\u00f3 un comunicado, \u201cLa Municipalidad de Or\u00e1n informa que a pedido del intendente electo Baltasar Lara Gros al ministerio de econom\u00eda de la provincia de Salta, los sueldos del personal municipal se abonaran reci\u00e9n la pr\u00f3xima semana\u201d. La noticia fue desmentida por Lara inmediatamente. Y en medio de la pol\u00e9mica, los montos percibidos por los funcionarios que en algunos casos hasta casi 800 mil pesos.<\/p>\n\n\n\n<p>Ante la consulta de NORTE YA, un integrante de la futura gesti\u00f3n sostuvo que se analiza con los abogados si est\u00e1 encuadrado dentro del marco legal o realizar\u00e1n la denuncia penal correspondiente.<\/p>\n","protected":false},"excerpt":{"rendered":"<p>El final de la gesti\u00f3n de Pablo Gonz\u00e1lez en Or\u00e1n fue un reflejo de sus cuatro a\u00f1os en la conducci\u00f3n del municipio norte\u00f1o. A los serios problemas en los servicios municipales, poca presencia ante conflictos propios y ajenos, le suma para el final un duro cruce con la futura gesti\u00f3n y una posible denuncia. En [&hellip;]<\/p>\n","protected":false},"author":2,"featured_media":35275,"comment_status":"open","ping_status":"open","sticky":false,"template":"","format":"standard","meta":{"tdm_status":"","tdm_grid_status":"","_joinchat":[],"footnotes":""},"categories":[59],"tags":[],"class_list":{"0":"post-69561","1":"post","2":"type-post","3":"status-publish","4":"format-standard","5":"has-post-thumbnail","7":"category-politica"},"amp_enabled":true,"_links":{"self":[{"href":"https:\/\/www.todoeldia.com\/index.php\/wp-json\/wp\/v2\/posts\/69561","targetHints":{"allow":["GET"]}}],"collection":[{"href":"https:\/\/www.todoeldia.com\/index.php\/wp-json\/wp\/v2\/posts"}],"about":[{"href":"https:\/\/www.todoeldia.com\/index.php\/wp-json\/wp\/v2\/types\/post"}],"author":[{"embeddable":true,"href":"https:\/\/www.todoeldia.com\/index.php\/wp-json\/wp\/v2\/users\/2"}],"replies":[{"embeddable":true,"href":"https:\/\/www.todoeldia.com\/index.php\/wp-json\/wp\/v2\/comments?post=69561"}],"version-history":[{"count":2,"href":"https:\/\/www.todoeldia.com\/index.php\/wp-json\/wp\/v2\/posts\/69561\/revisions"}],"predecessor-version":[{"id":69565,"href":"https:\/\/www.todoeldia.com\/index.php\/wp-json\/wp\/v2\/posts\/69561\/revisions\/69565"}],"wp:featuredmedia":[{"embeddable":true,"href":"https:\/\/www.todoeldia.com\/index.php\/wp-json\/wp\/v2\/media\/35275"}],"wp:attachment":[{"href":"https:\/\/www.todoeldia.com\/index.php\/wp-json\/wp\/v2\/media?parent=69561"}],"wp:term":[{"taxonomy":"category","embeddable":true,"href":"https:\/\/www.todoeldia.com\/index.php\/wp-json\/wp\/v2\/categories?post=69561"},{"taxonomy":"post_tag","embeddable":true,"href":"https:\/\/www.todoeldia.com\/index.php\/wp-json\/wp\/v2\/tags?post=69561"}],"curies":[{"name":"wp","href":"https:\/\/api.w.org\/{rel}","templated":true}]}}