{"id":69566,"date":"2023-12-10T19:32:06","date_gmt":"2023-12-10T22:32:06","guid":{"rendered":"https:\/\/www.todoeldia.com\/?p=69566"},"modified":"2023-12-10T19:33:18","modified_gmt":"2023-12-10T22:33:18","slug":"en-una-ceremonia-a-puertas-cerradas-sin-transmision-oficial-javier-milei-le-tomo-juramento-a-su-gabinete","status":"publish","type":"post","link":"https:\/\/www.todoeldia.com\/index.php\/2023\/12\/10\/en-una-ceremonia-a-puertas-cerradas-sin-transmision-oficial-javier-milei-le-tomo-juramento-a-su-gabinete\/","title":{"rendered":"En una ceremonia a puertas cerradas, Javier Milei le tom\u00f3 juramento a su Gabinete"},"content":{"rendered":"\n<p>Por primera vez en la historia, la firma de los funcionarios no fue p\u00fablica. Por DNU, el Presidente oficializ\u00f3 un recorte a 9 ministros.<\/p>\n\n\n\n<p>El presidente Javier Milei firm\u00f3 su primer Decreto de Necesidad y Urgencia (DNU) este domingo, a pocas horas de haber jurado ante la Asamblea Legislativa. Como primer medida, el l\u00edder de La Libertad Avanza reducir\u00e1 los ministerios a 9, que incluir\u00e1n Interior; Relaciones Exteriores, Comercio Internacional y Culto, Defensa; Econom\u00eda; Infraestructura; Justicia; Seguridad; Salud y Capital Humano.<\/p>\n","protected":false},"excerpt":{"rendered":"<p>Por primera vez en la historia, la firma de los funcionarios no fue p\u00fablica. Por DNU, el Presidente oficializ\u00f3 un recorte a 9 ministros. El presidente Javier Milei firm\u00f3 su primer Decreto de Necesidad y Urgencia (DNU) este domingo, a pocas horas de haber jurado ante la Asamblea Legislativa. Como primer medida, el l\u00edder de [&hellip;]<\/p>\n","protected":false},"author":2,"featured_media":69569,"comment_status":"open","ping_status":"open","sticky":false,"template":"","format":"standard","meta":{"tdm_status":"","tdm_grid_status":"","_joinchat":[],"footnotes":""},"categories":[59],"tags":[],"class_list":{"0":"post-69566","1":"post","2":"type-post","3":"status-publish","4":"format-standard","5":"has-post-thumbnail","7":"category-politica"},"amp_enabled":true,"_links":{"self":[{"href":"https:\/\/www.todoeldia.com\/index.php\/wp-json\/wp\/v2\/posts\/69566","targetHints":{"allow":["GET"]}}],"collection":[{"href":"https:\/\/www.todoeldia.com\/index.php\/wp-json\/wp\/v2\/posts"}],"about":[{"href":"https:\/\/www.todoeldia.com\/index.php\/wp-json\/wp\/v2\/types\/post"}],"author":[{"embeddable":true,"href":"https:\/\/www.todoeldia.com\/index.php\/wp-json\/wp\/v2\/users\/2"}],"replies":[{"embeddable":true,"href":"https:\/\/www.todoeldia.com\/index.php\/wp-json\/wp\/v2\/comments?post=69566"}],"version-history":[{"count":2,"href":"https:\/\/www.todoeldia.com\/index.php\/wp-json\/wp\/v2\/posts\/69566\/revisions"}],"predecessor-version":[{"id":69570,"href":"https:\/\/www.todoeldia.com\/index.php\/wp-json\/wp\/v2\/posts\/69566\/revisions\/69570"}],"wp:featuredmedia":[{"embeddable":true,"href":"https:\/\/www.todoeldia.com\/index.php\/wp-json\/wp\/v2\/media\/69569"}],"wp:attachment":[{"href":"https:\/\/www.todoeldia.com\/index.php\/wp-json\/wp\/v2\/media?parent=69566"}],"wp:term":[{"taxonomy":"category","embeddable":true,"href":"https:\/\/www.todoeldia.com\/index.php\/wp-json\/wp\/v2\/categories?post=69566"},{"taxonomy":"post_tag","embeddable":true,"href":"https:\/\/www.todoeldia.com\/index.php\/wp-json\/wp\/v2\/tags?post=69566"}],"curies":[{"name":"wp","href":"https:\/\/api.w.org\/{rel}","templated":true}]}}