{"id":69571,"date":"2023-12-10T19:56:31","date_gmt":"2023-12-10T22:56:31","guid":{"rendered":"https:\/\/www.todoeldia.com\/?p=69571"},"modified":"2023-12-10T19:56:32","modified_gmt":"2023-12-10T22:56:32","slug":"asumio-emiliano-durand-y-hablo-del-desastre-de-la-gestion-de-bettina-romero","status":"publish","type":"post","link":"https:\/\/www.todoeldia.com\/index.php\/2023\/12\/10\/asumio-emiliano-durand-y-hablo-del-desastre-de-la-gestion-de-bettina-romero\/","title":{"rendered":"Asumi\u00f3 Emiliano Durand y habl\u00f3 del desastre de la gesti\u00f3n de Bettina Romero"},"content":{"rendered":"\n<p>Esta ma\u00f1ana, en el complejo Nicol\u00e1s Vitale, asumi\u00f3 como intendente de la ciudad de Salta Emiliano Durand. En su discurso, critic\u00f3 duramente a la intendenta saliente Bettina Romero tras informar el estado actual de la Municipalidad y anunci\u00f3 sus principales l\u00edneas de gesti\u00f3n.<\/p>\n\n\n\n<p>Durand inici\u00f3 su discurso agradeciendo a su familia y a los salte\u00f1os que \u201ccreyeron que una persona que no viene de la pol\u00edtica puede conducir los destinos de esta gran ciudad\u201d.<\/p>\n\n\n\n<p>\u201cHoy arranca un nuevo tiempo, donde las prioridades estar\u00e1n puestas en resolver los problemas concretos de cada salte\u00f1o, sin distinci\u00f3n de residencia ni de procedencia. Los convoco a poner la ciudad de Salta de pie\u201d, expres\u00f3.<\/p>\n\n\n\n<p>Seguidamente, agradeci\u00f3 al gobernador Gustavo S\u00e1enz por sumarlo al proyecto y ense\u00f1ar \u201cque la prioridad siempre debe ser Salta y los salte\u00f1os\u201d. \u201cLa ciudad y la provincia vuelven a ser parte de un mismo Proyecto\u201d, afirm\u00f3 para dar inicio a las duras cr\u00edticas a la gesti\u00f3n de Bettina Romero y el estado en el que recibe la Municipalidad.<\/p>\n\n\n\n<p>En primer lugar, sostuvo que en los \u00faltimos a\u00f1os hubo \u201cmalas decisiones\u201d en materia econ\u00f3mica, donde los recursos no fueron a parar donde los necesitaba la gente.<\/p>\n\n\n\n<p>\u201cJunto a mi equipo econ\u00f3mico hemos podido establecer a la fecha una deuda de m\u00e1s de 5.000 millones de pesos. La mala administraci\u00f3n le cost\u00f3 a los salte\u00f1os, solo en intereses por descubiertos, cerca de 200 millones de pesos en los \u00faltimos 5 meses\u201d, inform\u00f3.<\/p>\n\n\n\n<p>A ello, agreg\u00f3 que se detectaron al menos 20 obras que fueron pagadas en su totalidad, pero a\u00fan no est\u00e1n finalizadas.<\/p>\n\n\n\n<figure class=\"wp-block-image size-full is-resized\"><img loading=\"lazy\" decoding=\"async\" width=\"798\" height=\"450\" src=\"https:\/\/www.todoeldia.com\/wp-content\/uploads\/2023\/11\/arreglos-en-la-plaza-9-de-julio.jpg\" alt=\"\" class=\"wp-image-67649\" style=\"width:1068px;height:auto\" srcset=\"https:\/\/www.todoeldia.com\/wp-content\/uploads\/2023\/11\/arreglos-en-la-plaza-9-de-julio.jpg 798w, https:\/\/www.todoeldia.com\/wp-content\/uploads\/2023\/11\/arreglos-en-la-plaza-9-de-julio-300x169.jpg 300w, https:\/\/www.todoeldia.com\/wp-content\/uploads\/2023\/11\/arreglos-en-la-plaza-9-de-julio-768x433.jpg 768w, https:\/\/www.todoeldia.com\/wp-content\/uploads\/2023\/11\/arreglos-en-la-plaza-9-de-julio-696x392.jpg 696w, https:\/\/www.todoeldia.com\/wp-content\/uploads\/2023\/11\/arreglos-en-la-plaza-9-de-julio-745x420.jpg 745w\" sizes=\"auto, (max-width: 798px) 100vw, 798px\" \/><\/figure>\n\n\n\n<p>Sobre la Plaza 9 de Julio, expres\u00f3 que van a exigir a la empresa a cargo que la entregue en condiciones tras recibir 400 millones de pesos para una \u201cremodelaci\u00f3n innecesaria\u201d, y remarc\u00f3 que \u201cel despilfarro de recursos termina hoy\u201d.<\/p>\n\n\n\n<p>Tambi\u00e9n, se refiri\u00f3 a la tormenta del fin de semana pasado que \u201cdesnud\u00f3 una ciudad abandonada y sin capacidad de respuesta ante la emergencia\u201d. \u201cDejaron de lado prioridades como el arbolado urbano, la limpieza de los desag\u00fces pluviales y el mantenimiento de los canales para evitar inundaciones, demostrando lo lejano que estuvieron de atender las necesidades de la ciudad y una asombrosa falta de planificaci\u00f3n en el mantenimiento\u201d, dijo.<\/p>\n\n\n\n<figure class=\"wp-block-image size-full is-resized\"><img loading=\"lazy\" decoding=\"async\" width=\"713\" height=\"618\" src=\"https:\/\/www.todoeldia.com\/wp-content\/uploads\/2022\/04\/calles-rotas-en-salta.jpg\" alt=\"\" class=\"wp-image-37531\" style=\"width:1068px;height:auto\" srcset=\"https:\/\/www.todoeldia.com\/wp-content\/uploads\/2022\/04\/calles-rotas-en-salta.jpg 713w, https:\/\/www.todoeldia.com\/wp-content\/uploads\/2022\/04\/calles-rotas-en-salta-300x260.jpg 300w, https:\/\/www.todoeldia.com\/wp-content\/uploads\/2022\/04\/calles-rotas-en-salta-696x603.jpg 696w, https:\/\/www.todoeldia.com\/wp-content\/uploads\/2022\/04\/calles-rotas-en-salta-485x420.jpg 485w, https:\/\/www.todoeldia.com\/wp-content\/uploads\/2022\/04\/calles-rotas-en-salta-534x462.jpg 534w\" sizes=\"auto, (max-width: 713px) 100vw, 713px\" \/><\/figure>\n\n\n\n<p>En cuanto a obras, Durand adelant\u00f3 que le solicit\u00f3 a su equipo establecer y jerarquizar las obras urgentes en cada sector de la ciudad, con prioridad en los barrios; y calific\u00f3 como vergonzoso el deterioro de las calles de la ciudad afirmando que \u201cse gast\u00f3 mucho dinero en reparaciones que no dieron resultados\u201d.<\/p>\n\n\n\n<p>\u201cGastaron una fortuna en ciclov\u00edas, macetas, y muchas otras cosas innecesarias, mientras la ciudad se segu\u00eda deteriorando\u201d, asever\u00f3.<\/p>\n\n\n\n<figure class=\"wp-block-image size-large\"><img loading=\"lazy\" decoding=\"async\" width=\"1024\" height=\"768\" src=\"https:\/\/www.todoeldia.com\/wp-content\/uploads\/2020\/10\/ciclo-alvarado-1-1024x768.jpg\" alt=\"\" class=\"wp-image-7767\" srcset=\"https:\/\/www.todoeldia.com\/wp-content\/uploads\/2020\/10\/ciclo-alvarado-1-1024x768.jpg 1024w, https:\/\/www.todoeldia.com\/wp-content\/uploads\/2020\/10\/ciclo-alvarado-1-300x225.jpg 300w, https:\/\/www.todoeldia.com\/wp-content\/uploads\/2020\/10\/ciclo-alvarado-1-768x576.jpg 768w, https:\/\/www.todoeldia.com\/wp-content\/uploads\/2020\/10\/ciclo-alvarado-1-696x522.jpg 696w, https:\/\/www.todoeldia.com\/wp-content\/uploads\/2020\/10\/ciclo-alvarado-1-560x420.jpg 560w, https:\/\/www.todoeldia.com\/wp-content\/uploads\/2020\/10\/ciclo-alvarado-1-80x60.jpg 80w, https:\/\/www.todoeldia.com\/wp-content\/uploads\/2020\/10\/ciclo-alvarado-1-265x198.jpg 265w, https:\/\/www.todoeldia.com\/wp-content\/uploads\/2020\/10\/ciclo-alvarado-1.jpg 1032w\" sizes=\"auto, (max-width: 1024px) 100vw, 1024px\" \/><\/figure>\n\n\n\n<p>Asimismo, indic\u00f3 que en las pr\u00f3ximas semanas informar\u00e1 el detalle preciso del estado de la Municipalidad una vez concluyan los informes del Tribunal de Cuentas y de las auditor\u00edas externas; y se comprometi\u00f3 con la poblaci\u00f3n a \u201cdecir la verdad siempre, aunque sean verdades inc\u00f3modas\u201d.<\/p>\n\n\n\n<p>Tras brindar el panorama en el que se encuentra, estableci\u00f3 los principales puntos que tendr\u00e1 su gesti\u00f3n: en primer lugar, inform\u00f3 que decidi\u00f3 realizar una reducci\u00f3n de la estructura pol\u00edtica, achicando el n\u00famero de Secretar\u00edas, buscando que el municipio sea \u201caustero y eficiente\u201d.<\/p>\n\n\n\n<p>Posteriormente, reiter\u00f3 que la prioridad estar\u00e1 en los barrios y que los trabajadores municipales tendr\u00e1n un rol clave, y se volver\u00e1 a poner en valor la figura de los empleados como servidores p\u00fablicos. \u201cSe va a implementar la carrera administrativa con su estructura de cargos, y vamos a buscar que el empleado que se jubila, lo haga por la puerta grande\u201d, anunci\u00f3.<\/p>\n\n\n\n<p>Asimismo, inform\u00f3 que se avanzar\u00e1 con un Sistema Electr\u00f3nico de Contrataciones para \u201cachicar los tiempos de la burocracia administrativa\u201d y buscar\u00e1n la simplificaci\u00f3n de los tr\u00e1mites tributarios v\u00eda internet.<\/p>\n\n\n\n<p>Otro fuerte anunci\u00f3 fue que se dar\u00e1 marcha atr\u00e1s con la recategorizaci\u00f3n de los m\u00e1s de 2 mil catastros en 95 barrios que \u201csolo sirvi\u00f3 para perjudicar a los vecinos que menos servicios tienen\u201d.<\/p>\n\n\n\n<p>En cuanto a las calles, afirm\u00f3 que solicit\u00f3 a su equipo la planificaci\u00f3n de un trabajo eficiente que moleste lo menos posible a los vecinos.<\/p>\n\n\n\n<p>\u201cVinimos a reparar las calles. Soy consciente que me hago cargo de la deuda m\u00e1s pesada, pero no voy a mirar para el costado. El grave deterioro de las mismas, los escasos recursos econ\u00f3micos y el tiempo que va a demandar revertir la situaci\u00f3n de decadencia ser\u00e1n desaf\u00edos que asumiremos con dedicaci\u00f3n. En este punto quiero ser claro. Poner en condiciones las calles de la ciudad va a llevar tiempo. Les pido paciencia, por favor, que vamos a llegar a todos\u201d, asegur\u00f3.<\/p>\n\n\n\n<p>Sobre el tr\u00e1nsito, comunic\u00f3 que trabajar\u00e1n para mejorar la circulaci\u00f3n, con prioridad al transporte p\u00fablico; para acelerar y modernizaci\u00f3n los tramites, sobre todo las licencias de conducir; y controlar\u00e1n y educar\u00e1n en normas viales.<\/p>\n\n\n\n<p>Durand declar\u00f3 que avanzar\u00e1 en la separaci\u00f3n real de residuos \u201csin tanta publicidad y con m\u00e1s hechos concretos\u201d, exigiendo a Agrot\u00e9cnica Fueguina \u201cuna gesti\u00f3n de residuos integral, con aprovechamiento energ\u00e9tico y una econom\u00eda circular\u201d. Tambi\u00e9n, se comprometi\u00f3 a mejorar el alambrado p\u00fablico para la seguridad de los vecinos y a recuperar las plazas de los barrios.<\/p>\n\n\n\n<p>El flamante intendente hizo hincapi\u00e9 en la Escuela de Emprendedores del Municipio, que buscar\u00e1 \u201cno soltar la mano\u201d a quien quiere progresar, capacitarlos y ser el nexo con el mundo laboral.<\/p>\n\n\n\n<p>Adem\u00e1s, invit\u00f3 a los concejales de distintos dignos pol\u00edticos a trabajar en conjunto para que el municipio est\u00e9 \u201cdel lado de la gente\u201d con el objetivo de tener una Salta \u201clinda, con calidad de vida y donde se pueda prosperar\u201d.<\/p>\n\n\n\n<p>\u201cSer intendente no me va a cambiar, voy a seguir siendo el mismo que lleg\u00f3 hasta aqu\u00ed: involucrandome de manera personal en sus historias, escuchando y buscando una soluci\u00f3n para cada uno de sus problemas. Me van a ver trabajar de manera incansable, a la par de todos. Donde exista una necesidad, ah\u00ed estar\u00e9 buscando una soluci\u00f3n\u201d, proclam\u00f3 llegando al final de su discurso.<\/p>\n\n\n\n<p>Nuevo Diario<\/p>\n","protected":false},"excerpt":{"rendered":"<p>Esta ma\u00f1ana, en el complejo Nicol\u00e1s Vitale, asumi\u00f3 como intendente de la ciudad de Salta Emiliano Durand. En su discurso, critic\u00f3 duramente a la intendenta saliente Bettina Romero tras informar el estado actual de la Municipalidad y anunci\u00f3 sus principales l\u00edneas de gesti\u00f3n. Durand inici\u00f3 su discurso agradeciendo a su familia y a los salte\u00f1os [&hellip;]<\/p>\n","protected":false},"author":2,"featured_media":69572,"comment_status":"open","ping_status":"open","sticky":false,"template":"","format":"standard","meta":{"tdm_status":"","tdm_grid_status":"","_joinchat":[],"footnotes":""},"categories":[59],"tags":[],"class_list":{"0":"post-69571","1":"post","2":"type-post","3":"status-publish","4":"format-standard","5":"has-post-thumbnail","7":"category-politica"},"amp_enabled":true,"_links":{"self":[{"href":"https:\/\/www.todoeldia.com\/index.php\/wp-json\/wp\/v2\/posts\/69571","targetHints":{"allow":["GET"]}}],"collection":[{"href":"https:\/\/www.todoeldia.com\/index.php\/wp-json\/wp\/v2\/posts"}],"about":[{"href":"https:\/\/www.todoeldia.com\/index.php\/wp-json\/wp\/v2\/types\/post"}],"author":[{"embeddable":true,"href":"https:\/\/www.todoeldia.com\/index.php\/wp-json\/wp\/v2\/users\/2"}],"replies":[{"embeddable":true,"href":"https:\/\/www.todoeldia.com\/index.php\/wp-json\/wp\/v2\/comments?post=69571"}],"version-history":[{"count":1,"href":"https:\/\/www.todoeldia.com\/index.php\/wp-json\/wp\/v2\/posts\/69571\/revisions"}],"predecessor-version":[{"id":69573,"href":"https:\/\/www.todoeldia.com\/index.php\/wp-json\/wp\/v2\/posts\/69571\/revisions\/69573"}],"wp:featuredmedia":[{"embeddable":true,"href":"https:\/\/www.todoeldia.com\/index.php\/wp-json\/wp\/v2\/media\/69572"}],"wp:attachment":[{"href":"https:\/\/www.todoeldia.com\/index.php\/wp-json\/wp\/v2\/media?parent=69571"}],"wp:term":[{"taxonomy":"category","embeddable":true,"href":"https:\/\/www.todoeldia.com\/index.php\/wp-json\/wp\/v2\/categories?post=69571"},{"taxonomy":"post_tag","embeddable":true,"href":"https:\/\/www.todoeldia.com\/index.php\/wp-json\/wp\/v2\/tags?post=69571"}],"curies":[{"name":"wp","href":"https:\/\/api.w.org\/{rel}","templated":true}]}}