{"id":69574,"date":"2023-12-10T20:17:06","date_gmt":"2023-12-10T23:17:06","guid":{"rendered":"https:\/\/www.todoeldia.com\/?p=69574"},"modified":"2023-12-10T23:17:24","modified_gmt":"2023-12-11T02:17:24","slug":"video-imponente-crecida-del-bermejo-en-aguas-blancas","status":"publish","type":"post","link":"https:\/\/www.todoeldia.com\/index.php\/2023\/12\/10\/video-imponente-crecida-del-bermejo-en-aguas-blancas\/","title":{"rendered":"Video: imponente crecida del Bermejo en Aguas Blancas"},"content":{"rendered":"\n<p>Observ\u00e9 el v\u00eddeo complet\u00f3 y se dar\u00e1 cuenta de c\u00f3mo en tan solo 2 minutos, el panorama cambi\u00f3 totalmente en el sector del puerto fluvial las chalanas.<\/p>\n\n\n\n<p><\/p>\n\n\n\n<figure class=\"wp-block-video\"><video height=\"360\" style=\"aspect-ratio: 640 \/ 360;\" width=\"640\" controls src=\"https:\/\/www.todoeldia.com\/wp-content\/uploads\/2023\/12\/crecida-del-bermejo.mp4\"><\/video><\/figure>\n\n\n\n<p>El caudal del r\u00edo Bermejo es impresionante, ya que lleg\u00f3 con bastantes palizadas y con una fuerza torrencial a ra\u00edz de las lluvias registradas en el interior del departamento de Tarija.<\/p>\n\n\n\n<figure class=\"wp-block-video\"><video height=\"360\" style=\"aspect-ratio: 640 \/ 360;\" width=\"640\" controls src=\"https:\/\/www.todoeldia.com\/wp-content\/uploads\/2023\/12\/409419872_218895217919330_1089602154269033346_n.mp4\"><\/video><\/figure>\n\n\n\n<p>Actualmente se encuentra de banda a banda y el paso fronterizo por este sector fue inhabilitado. Como \u00fanico paso el puente internacional.<\/p>\n\n\n\n<figure class=\"wp-block-video\"><video height=\"360\" style=\"aspect-ratio: 360 \/ 360;\" width=\"360\" controls src=\"https:\/\/www.todoeldia.com\/wp-content\/uploads\/2023\/12\/409178958_762296835727826_5848738235247489980_n.mp4\"><\/video><\/figure>\n\n\n\n<p>Reportan crecida del rio Bermejo, esto fue grabado a horas 15:09 pm a la altura de Salado<\/p>\n","protected":false},"excerpt":{"rendered":"<p>Observ\u00e9 el v\u00eddeo complet\u00f3 y se dar\u00e1 cuenta de c\u00f3mo en tan solo 2 minutos, el panorama cambi\u00f3 totalmente en el sector del puerto fluvial las chalanas. El caudal del r\u00edo Bermejo es impresionante, ya que lleg\u00f3 con bastantes palizadas y con una fuerza torrencial a ra\u00edz de las lluvias registradas en el interior del [&hellip;]<\/p>\n","protected":false},"author":2,"featured_media":69577,"comment_status":"open","ping_status":"open","sticky":false,"template":"","format":"standard","meta":{"tdm_status":"","tdm_grid_status":"","_joinchat":[],"footnotes":""},"categories":[73],"tags":[],"class_list":{"0":"post-69574","1":"post","2":"type-post","3":"status-publish","4":"format-standard","5":"has-post-thumbnail","7":"category-noticias-general"},"amp_enabled":true,"_links":{"self":[{"href":"https:\/\/www.todoeldia.com\/index.php\/wp-json\/wp\/v2\/posts\/69574","targetHints":{"allow":["GET"]}}],"collection":[{"href":"https:\/\/www.todoeldia.com\/index.php\/wp-json\/wp\/v2\/posts"}],"about":[{"href":"https:\/\/www.todoeldia.com\/index.php\/wp-json\/wp\/v2\/types\/post"}],"author":[{"embeddable":true,"href":"https:\/\/www.todoeldia.com\/index.php\/wp-json\/wp\/v2\/users\/2"}],"replies":[{"embeddable":true,"href":"https:\/\/www.todoeldia.com\/index.php\/wp-json\/wp\/v2\/comments?post=69574"}],"version-history":[{"count":3,"href":"https:\/\/www.todoeldia.com\/index.php\/wp-json\/wp\/v2\/posts\/69574\/revisions"}],"predecessor-version":[{"id":69584,"href":"https:\/\/www.todoeldia.com\/index.php\/wp-json\/wp\/v2\/posts\/69574\/revisions\/69584"}],"wp:featuredmedia":[{"embeddable":true,"href":"https:\/\/www.todoeldia.com\/index.php\/wp-json\/wp\/v2\/media\/69577"}],"wp:attachment":[{"href":"https:\/\/www.todoeldia.com\/index.php\/wp-json\/wp\/v2\/media?parent=69574"}],"wp:term":[{"taxonomy":"category","embeddable":true,"href":"https:\/\/www.todoeldia.com\/index.php\/wp-json\/wp\/v2\/categories?post=69574"},{"taxonomy":"post_tag","embeddable":true,"href":"https:\/\/www.todoeldia.com\/index.php\/wp-json\/wp\/v2\/tags?post=69574"}],"curies":[{"name":"wp","href":"https:\/\/api.w.org\/{rel}","templated":true}]}}