{"id":69594,"date":"2023-12-11T10:24:04","date_gmt":"2023-12-11T13:24:04","guid":{"rendered":"https:\/\/www.todoeldia.com\/?p=69594"},"modified":"2023-12-11T10:24:18","modified_gmt":"2023-12-11T13:24:18","slug":"caso-lucio-dupuy-comienza-el-jury-por-contra-la-jueza-que-le-dio-el-nene-a-su-madre","status":"publish","type":"post","link":"https:\/\/www.todoeldia.com\/index.php\/2023\/12\/11\/caso-lucio-dupuy-comienza-el-jury-por-contra-la-jueza-que-le-dio-el-nene-a-su-madre\/","title":{"rendered":"Caso Lucio Dupuy: comienza el jury contra la jueza que le dio el nene a su madre"},"content":{"rendered":"\n<p>Ana Clara P\u00e9rez Ballester ser\u00e1 juzgada en la C\u00e1mara de Diputados de La Pampa junto a la responsable de Asesor\u00eda de Ni\u00f1as, Ni\u00f1os y Adolescentes de General Pico, Elisa Cat\u00e1n. El veredicto se conocer\u00e1 el 22 de diciembre.<\/p>\n\n\n\n<p>Ana Clara P\u00e9rez Ballester, la jueza de Familia, Ni\u00f1as, Ni\u00f1os y Adolescentes de General Pico que le dio la tenencia de Lucio Dupuy a su madre y a su pareja, ser\u00e1 sometida desde este lunes a un jury de enjuiciamiento, acusada de presunto \u201cmal desempe\u00f1o en sus funciones\u201d. El proceso, que se har\u00e1 en la C\u00e1mara de Diputados de La Pampa, finalizar\u00eda el 22 de diciembre, seg\u00fan informaron fuentes judiciales.<\/p>\n\n\n\n<figure class=\"wp-block-image size-full is-resized\"><img loading=\"lazy\" decoding=\"async\" width=\"799\" height=\"450\" src=\"https:\/\/www.todoeldia.com\/wp-content\/uploads\/2023\/12\/la-jueza-de-Lucio.jpg\" alt=\"\" class=\"wp-image-69225\" style=\"width:1068px;height:auto\" srcset=\"https:\/\/www.todoeldia.com\/wp-content\/uploads\/2023\/12\/la-jueza-de-Lucio.jpg 799w, https:\/\/www.todoeldia.com\/wp-content\/uploads\/2023\/12\/la-jueza-de-Lucio-300x169.jpg 300w, https:\/\/www.todoeldia.com\/wp-content\/uploads\/2023\/12\/la-jueza-de-Lucio-768x433.jpg 768w, https:\/\/www.todoeldia.com\/wp-content\/uploads\/2023\/12\/la-jueza-de-Lucio-696x392.jpg 696w, https:\/\/www.todoeldia.com\/wp-content\/uploads\/2023\/12\/la-jueza-de-Lucio-746x420.jpg 746w\" sizes=\"auto, (max-width: 799px) 100vw, 799px\" \/><figcaption class=\"wp-element-caption\">La Jueza Ana Clara P\u00e9rez Ballester<\/figcaption><\/figure>\n\n\n\n<p>La titular del Juzgado de Familia Ni\u00f1as, Ni\u00f1os y Adolescentes 1 ser\u00e1 juzgada junto a la responsable de Asesor\u00eda de Ni\u00f1as, Ni\u00f1os y Adolescentes 2 de General Pico, Elisa Cat\u00e1n, quien tambi\u00e9n intervino en el expediente por la tenencia del ni\u00f1o de 5 a\u00f1os que fue sometido a vej\u00e1menes y asesinado a golpes un a\u00f1o despu\u00e9s por Magdalena Esp\u00f3sito Valenti y Abiga\u00edl P\u00e1ez, el 26 de noviembre de 2021.<\/p>\n\n\n\n<p>Tanto P\u00e9rez Ballestar como Cat\u00e1n fueron suspendidas de forma provisoria. El jury resolver\u00e1 si ambas funcionarias deben ser removidas definitivamente de sus cargos por \u201cmal desempe\u00f1o en sus funciones\u201d -tal como prev\u00e9 la ley provincial 313 de Jurado de Enjuiciamiento- en el expediente de la tutela y el cuidado personal del Lucio, indic\u00f3 la agencia de noticias T\u00e9lam.<\/p>\n\n\n\n<p>Durante la primera audiencia en el recinto est\u00e1 previsto que se lea la acusaci\u00f3n fiscal contra ambas funcionarias y los planteos de las defensas. Tambi\u00e9n, de estar de acuerdo, P\u00e9rez Ballester y Cat\u00e1n podr\u00edan declarar ante los integrantes del jurado, que en las audiencias sucesivas asistir\u00e1n a la reproducci\u00f3n de las pruebas testimoniales y documentales del caso.<\/p>\n\n\n\n<p>El jurado de enjuiciamiento durar\u00e1 unas dos semanas.<\/p>\n","protected":false},"excerpt":{"rendered":"<p>Ana Clara P\u00e9rez Ballester ser\u00e1 juzgada en la C\u00e1mara de Diputados de La Pampa junto a la responsable de Asesor\u00eda de Ni\u00f1as, Ni\u00f1os y Adolescentes de General Pico, Elisa Cat\u00e1n. El veredicto se conocer\u00e1 el 22 de diciembre. Ana Clara P\u00e9rez Ballester, la jueza de Familia, Ni\u00f1as, Ni\u00f1os y Adolescentes de General Pico que le [&hellip;]<\/p>\n","protected":false},"author":2,"featured_media":69595,"comment_status":"open","ping_status":"open","sticky":false,"template":"","format":"standard","meta":{"tdm_status":"","tdm_grid_status":"","_joinchat":[],"footnotes":""},"categories":[63],"tags":[],"class_list":{"0":"post-69594","1":"post","2":"type-post","3":"status-publish","4":"format-standard","5":"has-post-thumbnail","7":"category-policiales"},"amp_enabled":true,"_links":{"self":[{"href":"https:\/\/www.todoeldia.com\/index.php\/wp-json\/wp\/v2\/posts\/69594","targetHints":{"allow":["GET"]}}],"collection":[{"href":"https:\/\/www.todoeldia.com\/index.php\/wp-json\/wp\/v2\/posts"}],"about":[{"href":"https:\/\/www.todoeldia.com\/index.php\/wp-json\/wp\/v2\/types\/post"}],"author":[{"embeddable":true,"href":"https:\/\/www.todoeldia.com\/index.php\/wp-json\/wp\/v2\/users\/2"}],"replies":[{"embeddable":true,"href":"https:\/\/www.todoeldia.com\/index.php\/wp-json\/wp\/v2\/comments?post=69594"}],"version-history":[{"count":2,"href":"https:\/\/www.todoeldia.com\/index.php\/wp-json\/wp\/v2\/posts\/69594\/revisions"}],"predecessor-version":[{"id":69597,"href":"https:\/\/www.todoeldia.com\/index.php\/wp-json\/wp\/v2\/posts\/69594\/revisions\/69597"}],"wp:featuredmedia":[{"embeddable":true,"href":"https:\/\/www.todoeldia.com\/index.php\/wp-json\/wp\/v2\/media\/69595"}],"wp:attachment":[{"href":"https:\/\/www.todoeldia.com\/index.php\/wp-json\/wp\/v2\/media?parent=69594"}],"wp:term":[{"taxonomy":"category","embeddable":true,"href":"https:\/\/www.todoeldia.com\/index.php\/wp-json\/wp\/v2\/categories?post=69594"},{"taxonomy":"post_tag","embeddable":true,"href":"https:\/\/www.todoeldia.com\/index.php\/wp-json\/wp\/v2\/tags?post=69594"}],"curies":[{"name":"wp","href":"https:\/\/api.w.org\/{rel}","templated":true}]}}