{"id":69598,"date":"2023-12-11T10:41:10","date_gmt":"2023-12-11T13:41:10","guid":{"rendered":"https:\/\/www.todoeldia.com\/?p=69598"},"modified":"2023-12-11T10:41:13","modified_gmt":"2023-12-11T13:41:13","slug":"la-miserable-vida-de-saltenos-secuestrados-y-explotados-en-un-vinedo-en-mendoza","status":"publish","type":"post","link":"https:\/\/www.todoeldia.com\/index.php\/2023\/12\/11\/la-miserable-vida-de-saltenos-secuestrados-y-explotados-en-un-vinedo-en-mendoza\/","title":{"rendered":"La miserable vida de salte\u00f1os secuestrados y explotados en un vi\u00f1edo en Mendoza"},"content":{"rendered":"\n<p>Una denuncia an\u00f3nima al 145 revel\u00f3 una situaci\u00f3n de semi esclavitud en un vi\u00f1edo del pueblo de Barrancas, en las afueras de la capital mendocina. Durante quince d\u00edas trabajaron doce horas sin descanso, se endeudaban con el almac\u00e9n de la finca y eran amenazados por los encargados. La historia de jornaleros que desconoc\u00edan siquiera d\u00f3nde estaban.<\/p>\n\n\n\n<p>Ariel, su familia y otras familias hab\u00edan llegado desde Salta atra\u00eddos por la oferta laboral que les hab\u00eda ofrecido el propio V\u00edctor Manuel Quispe, el cuadrillero. El pasaje se descontar\u00eda luego de su salario. Arribaron veinte adultos y una menor de siete a\u00f1os. Otras cuatro personas ya resid\u00edan all\u00ed desde hace un a\u00f1o. De los veinticuatro trabajadores, cinco eran mujeres: una est\u00e1 embarazada de tres meses y otra es una adolescente de 17 a\u00f1os. Cuando las autoridades ingresaron a la finca constataron que hab\u00eda veinticuatro trabajadores en sus puestos: solo la ni\u00f1a de siete a\u00f1os se encontraba en una de las habitaciones.<\/p>\n\n\n\n<figure class=\"wp-block-image size-full is-resized\"><img loading=\"lazy\" decoding=\"async\" width=\"768\" height=\"576\" src=\"https:\/\/www.todoeldia.com\/wp-content\/uploads\/2023\/12\/image-118.png\" alt=\"\" class=\"wp-image-69600\" style=\"width:914px;height:auto\" srcset=\"https:\/\/www.todoeldia.com\/wp-content\/uploads\/2023\/12\/image-118.png 768w, https:\/\/www.todoeldia.com\/wp-content\/uploads\/2023\/12\/image-118-300x225.png 300w, https:\/\/www.todoeldia.com\/wp-content\/uploads\/2023\/12\/image-118-696x522.png 696w, https:\/\/www.todoeldia.com\/wp-content\/uploads\/2023\/12\/image-118-560x420.png 560w, https:\/\/www.todoeldia.com\/wp-content\/uploads\/2023\/12\/image-118-80x60.png 80w, https:\/\/www.todoeldia.com\/wp-content\/uploads\/2023\/12\/image-118-265x198.png 265w\" sizes=\"auto, (max-width: 768px) 100vw, 768px\" \/><\/figure>\n\n\n\n<p>Los 24 viv\u00edan en unas habitaciones precarias levantadas en una frontera del campo. Se levantaban temprano. La jornada laboral comenzaba a las seis de la ma\u00f1ana. No terminaban antes de las ocho de la noche. Las interrupciones de descanso estaban vedadas. Eran trabajadores golondrina, la figura metaf\u00f3rica para clasificar a los hombres y mujeres que, como las golondrinas, migran de h\u00e1bitat en la misma \u00e9poca del a\u00f1o: las aves hacia lugares c\u00e1lidos por la disponibilidad de alimento, los jornaleros por las ventanas laborales seg\u00fan las demandas estivales. Se instalaron sobre el per\u00edmetro de la localidad de Maip\u00fa, al sureste de la capital de Mendoza. Su tarea: reacondicionar los vi\u00f1edos tras el invierno para reiniciar un nuevo ciclo vegetativo.<\/p>\n\n\n\n<p>Trabajaron solo quince d\u00edas. El mi\u00e9rcoles 29 de noviembre hubo un llamado an\u00f3nimo al 145, la l\u00ednea gratuita del Programa Nacional de Rescate y Acompa\u00f1amiento a las Personas Damnificadas por el delito de Trata de Personas para denunciar casos de explotaci\u00f3n de personas.<\/p>\n\n\n\n<p>Las condiciones de los trabajadores en la finca estaban re\u00f1idas ante la ley. No hubo sorpresa genuina. Ariel -que no se llama Ariel y cuyo nombre real se preserva en esta nota- calific\u00f3 la situaci\u00f3n de \u201chorrible, fatal, fiera\u201d. Apel\u00f3 a otro animal -no a una golondrina- para graficar su estado: \u201cEst\u00e1bamos como burros laburando\u201d. Le pagaban 650 pesos la hora. Por d\u00eda le correspond\u00eda entre 6.500 y 7.000 pesos. \u201cEl hombre estaba detr\u00e1s de nosotros, delen que delen que delen. Ten\u00edamos que trabajar de lunes a domingo. Si no sal\u00edamos a trabajar no nos quer\u00eda dar la mercader\u00eda ni el documento. Siempre hubo maltrato de parte de \u00e9l y de esa mujer que vive ah\u00ed tambi\u00e9n. Nunca nos apoy\u00f3, nunca habl\u00f3 por nosotros. Nos tir\u00f3, nos dej\u00f3 ah\u00ed\u201d, relat\u00f3.<\/p>\n\n\n\n<figure class=\"wp-block-image size-full is-resized\"><img loading=\"lazy\" decoding=\"async\" width=\"768\" height=\"432\" src=\"https:\/\/www.todoeldia.com\/wp-content\/uploads\/2023\/12\/image-119.png\" alt=\"\" class=\"wp-image-69601\" style=\"width:914px;height:auto\" srcset=\"https:\/\/www.todoeldia.com\/wp-content\/uploads\/2023\/12\/image-119.png 768w, https:\/\/www.todoeldia.com\/wp-content\/uploads\/2023\/12\/image-119-300x169.png 300w, https:\/\/www.todoeldia.com\/wp-content\/uploads\/2023\/12\/image-119-696x392.png 696w, https:\/\/www.todoeldia.com\/wp-content\/uploads\/2023\/12\/image-119-747x420.png 747w\" sizes=\"auto, (max-width: 768px) 100vw, 768px\" \/><\/figure>\n\n\n\n<p>Deb\u00edan pagar el alquiler para vivir en condiciones de semi esclavitud. Nunca cobraron por sus labores. Se les adeudaban quince d\u00edas de trabajo, pero, en una vil estrategia de sometimiento, los que deb\u00edan dinero eran ellos. La finca ten\u00eda un almac\u00e9n, regenteado por la esposa del cuadrillero. Los trabajadores compraban fideos, jugos, caballa, yerba. Alguien se anim\u00f3 a adquirir un trozo de carne, pero el peso del corte hac\u00eda de la estafa una incertidumbre. Todos los consumos quedaban anotados en un cuaderno solo fiscalizado por los due\u00f1os. Las deudas, al momento de la fiscalizaci\u00f3n, alcanzaban los treinta mil pesos promedio por cada golondrina. \u201cCuando les mostraron el cuaderno, los trabajadores dec\u00edan que hab\u00eda algunas cosas que no hab\u00edan comprado. Ellos ten\u00edan bien claro lo que sacaban del almac\u00e9n porque, como pod\u00edan, llevaban su cuenta. Hab\u00eda un abuso de querer cobrarles cosas que no hab\u00edan consumido y a precios desorbitantes\u201d.<\/p>\n\n\n\n<p>Hab\u00edan impartido, entienden las autoridades competentes, un sistema coercitivo de obediencia y dependencia. No ten\u00edan otro modo de subsistir que endeud\u00e1ndose comprando mercader\u00eda a precios arbitrarios de un \u00fanico comercio manejados por los mismos perpetradores. Se le reten\u00eda el documento. Les dec\u00edan que cuando pagaran la deuda, se los iban a devolver. Hab\u00eda un trabajador que no sab\u00eda leer ni escribir, que no sab\u00eda sumar. Hab\u00eda una mujer embarazada que nunca pudo ir a la salita del pueblo. \u201cEra tal la violencia que ejerc\u00edan sobre ellos\u2026 Estaban presos en una situaci\u00f3n de vulnerabilidad extrema\u201d, resumi\u00f3 la delegada.<\/p>\n\n\n\n<figure class=\"wp-block-image size-large is-resized\"><img loading=\"lazy\" decoding=\"async\" width=\"576\" height=\"1024\" src=\"https:\/\/www.todoeldia.com\/wp-content\/uploads\/2023\/12\/image-120-576x1024.png\" alt=\"\" class=\"wp-image-69602\" style=\"width:914px;height:auto\" srcset=\"https:\/\/www.todoeldia.com\/wp-content\/uploads\/2023\/12\/image-120-576x1024.png 576w, https:\/\/www.todoeldia.com\/wp-content\/uploads\/2023\/12\/image-120-169x300.png 169w, https:\/\/www.todoeldia.com\/wp-content\/uploads\/2023\/12\/image-120-300x533.png 300w, https:\/\/www.todoeldia.com\/wp-content\/uploads\/2023\/12\/image-120-696x1237.png 696w, https:\/\/www.todoeldia.com\/wp-content\/uploads\/2023\/12\/image-120-236x420.png 236w, https:\/\/www.todoeldia.com\/wp-content\/uploads\/2023\/12\/image-120.png 768w\" sizes=\"auto, (max-width: 576px) 100vw, 576px\" \/><\/figure>\n\n\n\n<p>Viv\u00edan y trabajaban en el pueblo de Barrancas, a 23 kil\u00f3metros de Mendoza Capital, en un paraje atravesado por la ruta provincial 14, al borde del r\u00edo Mendoza. Pero ellos no lo sab\u00edan. Nadie sab\u00eda exactamente d\u00f3nde estaban. Nadie sab\u00eda exactamente hacia d\u00f3nde escapar. Por eso, tal vez, el llamado an\u00f3nimo al 145. Andrea Bouzo explic\u00f3 que ning\u00fan trabajador ten\u00eda consciencia de c\u00f3mo pod\u00eda volver a la ciudad, a la terminal, a su casa.<\/p>\n\n\n\n<p>La ni\u00f1a no era explotada laboralmente, pero no estaba escolarizada y evidenciaba signos de maltrato, mala alimentaci\u00f3n y abuso. Se activ\u00f3 autom\u00e1ticamente el protocolo para hacer un abordaje integral de su estado de salud. Decidieron internarla en el Hospital Pedi\u00e1trico doctor Humberto Lotti. Al d\u00eda siguiente, se desencaden\u00f3 un allanamiento ordenado por el juez Marcelo Garnica y la secretaria Marcela D\u00edaz. Gustavo Vera acredit\u00f3: \u201cSe detect\u00f3 explotaci\u00f3n laboral y se constat\u00f3 que estos trabajadores estaban con retenci\u00f3n de documentos y con retenci\u00f3n de dinero. Hab\u00eda toda una manipulaci\u00f3n. No se les dejaba salir.<\/p>\n\n\n\n<figure class=\"wp-block-image size-full is-resized\"><img loading=\"lazy\" decoding=\"async\" width=\"768\" height=\"432\" src=\"https:\/\/www.todoeldia.com\/wp-content\/uploads\/2023\/12\/image-121.png\" alt=\"\" class=\"wp-image-69603\" style=\"width:914px;height:auto\" srcset=\"https:\/\/www.todoeldia.com\/wp-content\/uploads\/2023\/12\/image-121.png 768w, https:\/\/www.todoeldia.com\/wp-content\/uploads\/2023\/12\/image-121-300x169.png 300w, https:\/\/www.todoeldia.com\/wp-content\/uploads\/2023\/12\/image-121-696x392.png 696w, https:\/\/www.todoeldia.com\/wp-content\/uploads\/2023\/12\/image-121-747x420.png 747w\" sizes=\"auto, (max-width: 768px) 100vw, 768px\" \/><\/figure>\n\n\n\n<p>16 adultos manifestaron la intenci\u00f3n de irse inmediatamente. Otras cuatro personas lo hicieron al d\u00eda siguiente del allanamiento. Los cuatro trabajadores que all\u00ed resid\u00edan desde hace un a\u00f1o se negaron a declarar. V\u00edctor Manuel Quispe contin\u00faa detenido en la unidad 32 del Centro de Detenci\u00f3n Judicial Mendoza.<\/p>\n\n\n\n<p>Constataron que la empresa se llama Agr\u00edcola Jos\u00e9 Sociedad An\u00f3nima, que en verdad operaba para otra finca, administrada por una empresa denominada Vi\u00f1as de Lontu\u00e9.<\/p>\n","protected":false},"excerpt":{"rendered":"<p>Una denuncia an\u00f3nima al 145 revel\u00f3 una situaci\u00f3n de semi esclavitud en un vi\u00f1edo del pueblo de Barrancas, en las afueras de la capital mendocina. Durante quince d\u00edas trabajaron doce horas sin descanso, se endeudaban con el almac\u00e9n de la finca y eran amenazados por los encargados. La historia de jornaleros que desconoc\u00edan siquiera d\u00f3nde [&hellip;]<\/p>\n","protected":false},"author":2,"featured_media":69599,"comment_status":"open","ping_status":"open","sticky":false,"template":"","format":"standard","meta":{"tdm_status":"","tdm_grid_status":"","_joinchat":[],"footnotes":""},"categories":[63],"tags":[],"class_list":{"0":"post-69598","1":"post","2":"type-post","3":"status-publish","4":"format-standard","5":"has-post-thumbnail","7":"category-policiales"},"amp_enabled":true,"_links":{"self":[{"href":"https:\/\/www.todoeldia.com\/index.php\/wp-json\/wp\/v2\/posts\/69598","targetHints":{"allow":["GET"]}}],"collection":[{"href":"https:\/\/www.todoeldia.com\/index.php\/wp-json\/wp\/v2\/posts"}],"about":[{"href":"https:\/\/www.todoeldia.com\/index.php\/wp-json\/wp\/v2\/types\/post"}],"author":[{"embeddable":true,"href":"https:\/\/www.todoeldia.com\/index.php\/wp-json\/wp\/v2\/users\/2"}],"replies":[{"embeddable":true,"href":"https:\/\/www.todoeldia.com\/index.php\/wp-json\/wp\/v2\/comments?post=69598"}],"version-history":[{"count":1,"href":"https:\/\/www.todoeldia.com\/index.php\/wp-json\/wp\/v2\/posts\/69598\/revisions"}],"predecessor-version":[{"id":69604,"href":"https:\/\/www.todoeldia.com\/index.php\/wp-json\/wp\/v2\/posts\/69598\/revisions\/69604"}],"wp:featuredmedia":[{"embeddable":true,"href":"https:\/\/www.todoeldia.com\/index.php\/wp-json\/wp\/v2\/media\/69599"}],"wp:attachment":[{"href":"https:\/\/www.todoeldia.com\/index.php\/wp-json\/wp\/v2\/media?parent=69598"}],"wp:term":[{"taxonomy":"category","embeddable":true,"href":"https:\/\/www.todoeldia.com\/index.php\/wp-json\/wp\/v2\/categories?post=69598"},{"taxonomy":"post_tag","embeddable":true,"href":"https:\/\/www.todoeldia.com\/index.php\/wp-json\/wp\/v2\/tags?post=69598"}],"curies":[{"name":"wp","href":"https:\/\/api.w.org\/{rel}","templated":true}]}}