{"id":69608,"date":"2023-12-11T11:06:55","date_gmt":"2023-12-11T14:06:55","guid":{"rendered":"https:\/\/www.todoeldia.com\/?p=69608"},"modified":"2023-12-11T11:06:56","modified_gmt":"2023-12-11T14:06:56","slug":"3-detenidos-en-atocha-por-amenazar-a-miembros-de-una-familia","status":"publish","type":"post","link":"https:\/\/www.todoeldia.com\/index.php\/2023\/12\/11\/3-detenidos-en-atocha-por-amenazar-a-miembros-de-una-familia\/","title":{"rendered":"3 detenidos en Atocha por amenazar a miembros de una familia"},"content":{"rendered":"\n<p>Dos hermanos y una tercera persona fueron detenidos e imputados luego de ser identificados como quienes ejercieron violencia y amenazaron a miembros de una familia en Atocha, incluso con armas.<\/p>\n\n\n\n<p>El fiscal penal 2, Ramiro Ramos Ossorio, a trav\u00e9s de la delegaci\u00f3n San Lorenzo, imput\u00f3 de forma provisional a un hombre de 22 a\u00f1os como autor del delito de amenazas con arma; a su hermana de 21 a\u00f1os como autora del delito de amenazas y a otro hombre mayor de edad como autor del delito de amenazas con arma.<\/p>\n\n\n\n<p>Tras la audiencia de imputaci\u00f3n, desde la Fiscal\u00eda se solicit\u00f3 que permanezcan detenidos.<\/p>\n\n\n\n<p>Las denuncias que obran en la causa fueron realizadas por una mujer durante mes de noviembre, donde expone tres hechos de violencia cometidos en contra suya y dos de sus hijos.<\/p>\n\n\n\n<p>En uno de ellos, el acusado de 22 a\u00f1os habr\u00eda amenazado con un arma blanca uno de sus hijos; en el segundo hecho, la acusada de 21 a\u00f1os habr\u00eda amenazado a su hija menor de edad, quien ten\u00eda su beb\u00e9 en brazos y finalmente el pasado 20 de noviembre, el tercer imputado habr\u00eda amenazado a la denunciante y a su hijo con un arma de fuego.<\/p>\n\n\n\n<p>Se\u00f1ala que se trata de personas conflictivas y con antecedentes delictivos.<\/p>\n\n\n\n<p>Reunidos los elementos de convicci\u00f3n necesarios, el fiscal Ramos Ossorio solicit\u00f3 orden de allanamiento y detenci\u00f3n para los investigados, medida que se concret\u00f3 d\u00edas atr\u00e1s.<\/p>\n","protected":false},"excerpt":{"rendered":"<p>Dos hermanos y una tercera persona fueron detenidos e imputados luego de ser identificados como quienes ejercieron violencia y amenazaron a miembros de una familia en Atocha, incluso con armas. El fiscal penal 2, Ramiro Ramos Ossorio, a trav\u00e9s de la delegaci\u00f3n San Lorenzo, imput\u00f3 de forma provisional a un hombre de 22 a\u00f1os como [&hellip;]<\/p>\n","protected":false},"author":2,"featured_media":55124,"comment_status":"open","ping_status":"open","sticky":false,"template":"","format":"standard","meta":{"tdm_status":"","tdm_grid_status":"","_joinchat":[],"footnotes":""},"categories":[63],"tags":[],"class_list":{"0":"post-69608","1":"post","2":"type-post","3":"status-publish","4":"format-standard","5":"has-post-thumbnail","7":"category-policiales"},"amp_enabled":true,"_links":{"self":[{"href":"https:\/\/www.todoeldia.com\/index.php\/wp-json\/wp\/v2\/posts\/69608","targetHints":{"allow":["GET"]}}],"collection":[{"href":"https:\/\/www.todoeldia.com\/index.php\/wp-json\/wp\/v2\/posts"}],"about":[{"href":"https:\/\/www.todoeldia.com\/index.php\/wp-json\/wp\/v2\/types\/post"}],"author":[{"embeddable":true,"href":"https:\/\/www.todoeldia.com\/index.php\/wp-json\/wp\/v2\/users\/2"}],"replies":[{"embeddable":true,"href":"https:\/\/www.todoeldia.com\/index.php\/wp-json\/wp\/v2\/comments?post=69608"}],"version-history":[{"count":1,"href":"https:\/\/www.todoeldia.com\/index.php\/wp-json\/wp\/v2\/posts\/69608\/revisions"}],"predecessor-version":[{"id":69609,"href":"https:\/\/www.todoeldia.com\/index.php\/wp-json\/wp\/v2\/posts\/69608\/revisions\/69609"}],"wp:featuredmedia":[{"embeddable":true,"href":"https:\/\/www.todoeldia.com\/index.php\/wp-json\/wp\/v2\/media\/55124"}],"wp:attachment":[{"href":"https:\/\/www.todoeldia.com\/index.php\/wp-json\/wp\/v2\/media?parent=69608"}],"wp:term":[{"taxonomy":"category","embeddable":true,"href":"https:\/\/www.todoeldia.com\/index.php\/wp-json\/wp\/v2\/categories?post=69608"},{"taxonomy":"post_tag","embeddable":true,"href":"https:\/\/www.todoeldia.com\/index.php\/wp-json\/wp\/v2\/tags?post=69608"}],"curies":[{"name":"wp","href":"https:\/\/api.w.org\/{rel}","templated":true}]}}