{"id":69610,"date":"2023-12-11T11:10:23","date_gmt":"2023-12-11T14:10:23","guid":{"rendered":"https:\/\/www.todoeldia.com\/?p=69610"},"modified":"2023-12-11T11:21:25","modified_gmt":"2023-12-11T14:21:25","slug":"prision-efectiva-y-1-500-000-pesos-por-abusar-de-su-cunada","status":"publish","type":"post","link":"https:\/\/www.todoeldia.com\/index.php\/2023\/12\/11\/prision-efectiva-y-1-500-000-pesos-por-abusar-de-su-cunada\/","title":{"rendered":"Prisi\u00f3n efectiva y 1.500.000 pesos por abusar de su cu\u00f1ada"},"content":{"rendered":"\n<p>La madre de la menor de edad denunci\u00f3 a su yerno. Los hechos ocurrieron desde que la v\u00edctima ten\u00eda doce a\u00f1os.<\/p>\n\n\n\n<p>La fiscal Penal de la Unidad de Delitos contra la Integridad Sexual 3, Luj\u00e1n Sodero, represent\u00f3 al Ministerio P\u00fablico Fiscal en la audiencia mediante tr\u00e1mite abreviado en la que un hombre fue condenado a cinco a\u00f1os de prisi\u00f3n efectiva y reparaci\u00f3n econ\u00f3mica a la v\u00edctima por la suma de 1.500.000 pesos, por ser autor del delito de abuso sexual gravemente ultrajante agravado por la guarda.<\/p>\n\n\n\n<p>Tras la presentaci\u00f3n de todas las pruebas reunidas durante la investigaci\u00f3n penal, el acusado admiti\u00f3 ante la Sala 7 del Tribunal de Juicio ser el autor del abuso sexual de su cu\u00f1ada, desde que ten\u00eda 12 a\u00f1os de edad.<\/p>\n\n\n\n<p>Un informe dio cuenta que, durante el acompa\u00f1amiento del Equipo de Orientaci\u00f3n Escolar por repitencia de 2021, fueron detectados indicios de abuso sexual por lo que se contact\u00f3 a la madre de la menor, quien radic\u00f3 la denuncia. Tambi\u00e9n se procedi\u00f3 a brindar asistencia a la v\u00edctima.<\/p>\n\n\n\n<p>En septiembre de 2021 la mujer radic\u00f3 la denuncia en representaci\u00f3n de su hija de 16 a\u00f1os y en contra de su yerno, marido de su hija mayor, por abuso sexual.<\/p>\n\n\n\n<p>En Circuito Cerrado de Televisi\u00f3n (CCTV), la adolescente cont\u00f3 que, dado que asist\u00eda a una escuela cerca de la casa de su hermana, muchas veces se quedaba esa vivienda, ocasi\u00f3n que era aprovechada por su t\u00edo para someterla a tocamientos y vulnerar su integridad sexual, desde los 12 a\u00f1os hasta marzo de 2021.<\/p>\n","protected":false},"excerpt":{"rendered":"<p>La madre de la menor de edad denunci\u00f3 a su yerno. Los hechos ocurrieron desde que la v\u00edctima ten\u00eda doce a\u00f1os. La fiscal Penal de la Unidad de Delitos contra la Integridad Sexual 3, Luj\u00e1n Sodero, represent\u00f3 al Ministerio P\u00fablico Fiscal en la audiencia mediante tr\u00e1mite abreviado en la que un hombre fue condenado a [&hellip;]<\/p>\n","protected":false},"author":2,"featured_media":40995,"comment_status":"open","ping_status":"open","sticky":false,"template":"","format":"standard","meta":{"tdm_status":"","tdm_grid_status":"","_joinchat":[],"footnotes":""},"categories":[63],"tags":[],"class_list":{"0":"post-69610","1":"post","2":"type-post","3":"status-publish","4":"format-standard","5":"has-post-thumbnail","7":"category-policiales"},"amp_enabled":true,"_links":{"self":[{"href":"https:\/\/www.todoeldia.com\/index.php\/wp-json\/wp\/v2\/posts\/69610","targetHints":{"allow":["GET"]}}],"collection":[{"href":"https:\/\/www.todoeldia.com\/index.php\/wp-json\/wp\/v2\/posts"}],"about":[{"href":"https:\/\/www.todoeldia.com\/index.php\/wp-json\/wp\/v2\/types\/post"}],"author":[{"embeddable":true,"href":"https:\/\/www.todoeldia.com\/index.php\/wp-json\/wp\/v2\/users\/2"}],"replies":[{"embeddable":true,"href":"https:\/\/www.todoeldia.com\/index.php\/wp-json\/wp\/v2\/comments?post=69610"}],"version-history":[{"count":1,"href":"https:\/\/www.todoeldia.com\/index.php\/wp-json\/wp\/v2\/posts\/69610\/revisions"}],"predecessor-version":[{"id":69611,"href":"https:\/\/www.todoeldia.com\/index.php\/wp-json\/wp\/v2\/posts\/69610\/revisions\/69611"}],"wp:featuredmedia":[{"embeddable":true,"href":"https:\/\/www.todoeldia.com\/index.php\/wp-json\/wp\/v2\/media\/40995"}],"wp:attachment":[{"href":"https:\/\/www.todoeldia.com\/index.php\/wp-json\/wp\/v2\/media?parent=69610"}],"wp:term":[{"taxonomy":"category","embeddable":true,"href":"https:\/\/www.todoeldia.com\/index.php\/wp-json\/wp\/v2\/categories?post=69610"},{"taxonomy":"post_tag","embeddable":true,"href":"https:\/\/www.todoeldia.com\/index.php\/wp-json\/wp\/v2\/tags?post=69610"}],"curies":[{"name":"wp","href":"https:\/\/api.w.org\/{rel}","templated":true}]}}