{"id":69612,"date":"2023-12-11T11:20:19","date_gmt":"2023-12-11T14:20:19","guid":{"rendered":"https:\/\/www.todoeldia.com\/?p=69612"},"modified":"2023-12-11T11:20:47","modified_gmt":"2023-12-11T14:20:47","slug":"degenerado-detenido-en-j-v-gonzalez-acusado-de-abusar-de-su-sobrina","status":"publish","type":"post","link":"https:\/\/www.todoeldia.com\/index.php\/2023\/12\/11\/degenerado-detenido-en-j-v-gonzalez-acusado-de-abusar-de-su-sobrina\/","title":{"rendered":"Degenerado detenido en J.V. Gonz\u00e1lez acusado de abusar de su sobrina"},"content":{"rendered":"\n<p>En las \u00faltimas horas se produjo la detenci\u00f3n de un hombre que fue denunciado por haber abusado sexualmente al menos en tres oportunidades de su sobrina menor de edad, quien tiene capacidades reducidas.<\/p>\n\n\n\n<p>La fiscal penal de Joaqu\u00edn V. Gonz\u00e1lez, Mar\u00eda Celeste Garc\u00eda Pisacic, investiga la denuncia realizada por la madre de una adolescente que padece discapacidad mental en contra de su cu\u00f1ado, quien habr\u00eda vulnerado su integridad sexual al menos en tres oportunidades.<\/p>\n\n\n\n<p>Cumplidas las primeras medidas y solicitada la detenci\u00f3n del acusado, se produjo su aprehensi\u00f3n y ser\u00e1 imputado en las pr\u00f3ximas horas.<\/p>\n\n\n\n<p>La fiscal Garc\u00eda Pisacic sostuvo que, tras la denuncia, se dispuso el cumplimiento de numerosas medidas tendientes a esclarecer lo sucedido.<\/p>\n","protected":false},"excerpt":{"rendered":"<p>En las \u00faltimas horas se produjo la detenci\u00f3n de un hombre que fue denunciado por haber abusado sexualmente al menos en tres oportunidades de su sobrina menor de edad, quien tiene capacidades reducidas. La fiscal penal de Joaqu\u00edn V. Gonz\u00e1lez, Mar\u00eda Celeste Garc\u00eda Pisacic, investiga la denuncia realizada por la madre de una adolescente que [&hellip;]<\/p>\n","protected":false},"author":2,"featured_media":37120,"comment_status":"open","ping_status":"open","sticky":false,"template":"","format":"standard","meta":{"tdm_status":"","tdm_grid_status":"","_joinchat":[],"footnotes":""},"categories":[63],"tags":[],"class_list":{"0":"post-69612","1":"post","2":"type-post","3":"status-publish","4":"format-standard","5":"has-post-thumbnail","7":"category-policiales"},"amp_enabled":true,"_links":{"self":[{"href":"https:\/\/www.todoeldia.com\/index.php\/wp-json\/wp\/v2\/posts\/69612","targetHints":{"allow":["GET"]}}],"collection":[{"href":"https:\/\/www.todoeldia.com\/index.php\/wp-json\/wp\/v2\/posts"}],"about":[{"href":"https:\/\/www.todoeldia.com\/index.php\/wp-json\/wp\/v2\/types\/post"}],"author":[{"embeddable":true,"href":"https:\/\/www.todoeldia.com\/index.php\/wp-json\/wp\/v2\/users\/2"}],"replies":[{"embeddable":true,"href":"https:\/\/www.todoeldia.com\/index.php\/wp-json\/wp\/v2\/comments?post=69612"}],"version-history":[{"count":1,"href":"https:\/\/www.todoeldia.com\/index.php\/wp-json\/wp\/v2\/posts\/69612\/revisions"}],"predecessor-version":[{"id":69613,"href":"https:\/\/www.todoeldia.com\/index.php\/wp-json\/wp\/v2\/posts\/69612\/revisions\/69613"}],"wp:featuredmedia":[{"embeddable":true,"href":"https:\/\/www.todoeldia.com\/index.php\/wp-json\/wp\/v2\/media\/37120"}],"wp:attachment":[{"href":"https:\/\/www.todoeldia.com\/index.php\/wp-json\/wp\/v2\/media?parent=69612"}],"wp:term":[{"taxonomy":"category","embeddable":true,"href":"https:\/\/www.todoeldia.com\/index.php\/wp-json\/wp\/v2\/categories?post=69612"},{"taxonomy":"post_tag","embeddable":true,"href":"https:\/\/www.todoeldia.com\/index.php\/wp-json\/wp\/v2\/tags?post=69612"}],"curies":[{"name":"wp","href":"https:\/\/api.w.org\/{rel}","templated":true}]}}