{"id":69621,"date":"2023-12-11T12:15:36","date_gmt":"2023-12-11T15:15:36","guid":{"rendered":"https:\/\/www.todoeldia.com\/?p=69621"},"modified":"2023-12-11T12:15:37","modified_gmt":"2023-12-11T15:15:37","slug":"sigue-la-ola-de-inseguridad-en-oran-desde-un-auto-dispararon-y-asesinaron-a-un-joven","status":"publish","type":"post","link":"https:\/\/www.todoeldia.com\/index.php\/2023\/12\/11\/sigue-la-ola-de-inseguridad-en-oran-desde-un-auto-dispararon-y-asesinaron-a-un-joven\/","title":{"rendered":"Sigue la ola de inseguridad en Or\u00e1n: desde un auto dispararon y asesinaron a un joven"},"content":{"rendered":"\n<p>El viernes un joven de 23 a\u00f1os fue asesinado en la avenida YPF del barrio Caballito de la ciudad de Or\u00e1n.<\/p>\n\n\n\n<p>Seg\u00fan el relato de la madre de la v\u00edctima, desde un autom\u00f3vil VW Bora color gris empezaron a disparar y una de las detonaciones impact\u00f3 en el rostro de su hijo.<\/p>\n\n\n\n<p>Ingres\u00f3 al hospital con una lesi\u00f3n cerebral grave por proyectil alojado en el cr\u00e1neo y en estado cr\u00edtico falleciendo tiempo despu\u00e9s.<\/p>\n\n\n\n<p>Hasta el momento no se brindaron detalles oficiales de lo ocurrido, ni el avance de la investigaci\u00f3n.<\/p>\n\n\n\n<p>Fuente: Norte Ya<\/p>\n","protected":false},"excerpt":{"rendered":"<p>El viernes un joven de 23 a\u00f1os fue asesinado en la avenida YPF del barrio Caballito de la ciudad de Or\u00e1n. Seg\u00fan el relato de la madre de la v\u00edctima, desde un autom\u00f3vil VW Bora color gris empezaron a disparar y una de las detonaciones impact\u00f3 en el rostro de su hijo. Ingres\u00f3 al hospital [&hellip;]<\/p>\n","protected":false},"author":2,"featured_media":61216,"comment_status":"open","ping_status":"open","sticky":false,"template":"","format":"standard","meta":{"tdm_status":"","tdm_grid_status":"","_joinchat":[],"footnotes":""},"categories":[63],"tags":[],"class_list":{"0":"post-69621","1":"post","2":"type-post","3":"status-publish","4":"format-standard","5":"has-post-thumbnail","7":"category-policiales"},"amp_enabled":true,"_links":{"self":[{"href":"https:\/\/www.todoeldia.com\/index.php\/wp-json\/wp\/v2\/posts\/69621","targetHints":{"allow":["GET"]}}],"collection":[{"href":"https:\/\/www.todoeldia.com\/index.php\/wp-json\/wp\/v2\/posts"}],"about":[{"href":"https:\/\/www.todoeldia.com\/index.php\/wp-json\/wp\/v2\/types\/post"}],"author":[{"embeddable":true,"href":"https:\/\/www.todoeldia.com\/index.php\/wp-json\/wp\/v2\/users\/2"}],"replies":[{"embeddable":true,"href":"https:\/\/www.todoeldia.com\/index.php\/wp-json\/wp\/v2\/comments?post=69621"}],"version-history":[{"count":1,"href":"https:\/\/www.todoeldia.com\/index.php\/wp-json\/wp\/v2\/posts\/69621\/revisions"}],"predecessor-version":[{"id":69622,"href":"https:\/\/www.todoeldia.com\/index.php\/wp-json\/wp\/v2\/posts\/69621\/revisions\/69622"}],"wp:featuredmedia":[{"embeddable":true,"href":"https:\/\/www.todoeldia.com\/index.php\/wp-json\/wp\/v2\/media\/61216"}],"wp:attachment":[{"href":"https:\/\/www.todoeldia.com\/index.php\/wp-json\/wp\/v2\/media?parent=69621"}],"wp:term":[{"taxonomy":"category","embeddable":true,"href":"https:\/\/www.todoeldia.com\/index.php\/wp-json\/wp\/v2\/categories?post=69621"},{"taxonomy":"post_tag","embeddable":true,"href":"https:\/\/www.todoeldia.com\/index.php\/wp-json\/wp\/v2\/tags?post=69621"}],"curies":[{"name":"wp","href":"https:\/\/api.w.org\/{rel}","templated":true}]}}