{"id":69623,"date":"2023-12-11T12:16:40","date_gmt":"2023-12-11T15:16:40","guid":{"rendered":"https:\/\/www.todoeldia.com\/?p=69623"},"modified":"2023-12-11T12:32:42","modified_gmt":"2023-12-11T15:32:42","slug":"nuevo-video-identificaron-al-hombre-que-arrojo-un-botellazo-a-javier-milei-en-la-caravana","status":"publish","type":"post","link":"https:\/\/www.todoeldia.com\/index.php\/2023\/12\/11\/nuevo-video-identificaron-al-hombre-que-arrojo-un-botellazo-a-javier-milei-en-la-caravana\/","title":{"rendered":"Nuevo video: identificaron al hombre que arroj\u00f3 un botellazo a Javier Milei en la caravana"},"content":{"rendered":"\n<p>Luego de que el presidente Javier Milei diera su discurso en las afueras del Congreso, emprendi\u00f3 su marcha hacia la Casa Rosada, en el marco de una caravana en la cual se trasladaba sobre un veh\u00edculo descapotable junto con su hermana Karina.<\/p>\n\n\n\n<figure class=\"wp-block-image size-large\"><img loading=\"lazy\" decoding=\"async\" width=\"1024\" height=\"573\" src=\"https:\/\/www.todoeldia.com\/wp-content\/uploads\/2023\/12\/image-123-1024x573.png\" alt=\"\" class=\"wp-image-69632\" srcset=\"https:\/\/www.todoeldia.com\/wp-content\/uploads\/2023\/12\/image-123-1024x573.png 1024w, https:\/\/www.todoeldia.com\/wp-content\/uploads\/2023\/12\/image-123-300x168.png 300w, https:\/\/www.todoeldia.com\/wp-content\/uploads\/2023\/12\/image-123-768x430.png 768w, https:\/\/www.todoeldia.com\/wp-content\/uploads\/2023\/12\/image-123-696x390.png 696w, https:\/\/www.todoeldia.com\/wp-content\/uploads\/2023\/12\/image-123-1068x598.png 1068w, https:\/\/www.todoeldia.com\/wp-content\/uploads\/2023\/12\/image-123-750x420.png 750w, https:\/\/www.todoeldia.com\/wp-content\/uploads\/2023\/12\/image-123.png 1440w\" sizes=\"auto, (max-width: 1024px) 100vw, 1024px\" \/><\/figure>\n\n\n\n<p>Identificaron al hombre que le lanz\u00f3 una botella al Presidente.<\/p>\n\n\n\n<figure class=\"wp-block-image size-full is-resized\"><img loading=\"lazy\" decoding=\"async\" width=\"768\" height=\"432\" src=\"https:\/\/www.todoeldia.com\/wp-content\/uploads\/2023\/12\/image-122.png\" alt=\"\" class=\"wp-image-69627\" style=\"width:912px;height:auto\" srcset=\"https:\/\/www.todoeldia.com\/wp-content\/uploads\/2023\/12\/image-122.png 768w, https:\/\/www.todoeldia.com\/wp-content\/uploads\/2023\/12\/image-122-300x169.png 300w, https:\/\/www.todoeldia.com\/wp-content\/uploads\/2023\/12\/image-122-696x392.png 696w, https:\/\/www.todoeldia.com\/wp-content\/uploads\/2023\/12\/image-122-747x420.png 747w\" sizes=\"auto, (max-width: 768px) 100vw, 768px\" \/><\/figure>\n\n\n\n<p><strong>Mercanzini en fotos de sus redes sociales<\/strong><\/p>\n\n\n\n<p>Se trata de Gast\u00f3n Mercanzini, un ex funcionario municipal de Entre R\u00edos. Las im\u00e1genes que lo complican fueron recuperadas por la Polic\u00eda de la Ciudad que inici\u00f3 una investigaci\u00f3n de oficio. Un subcomisario de la Federal result\u00f3 herido por el ataque.<\/p>\n\n\n\n<figure class=\"wp-block-image size-large is-resized\"><img loading=\"lazy\" decoding=\"async\" width=\"1024\" height=\"573\" src=\"https:\/\/www.todoeldia.com\/wp-content\/uploads\/2023\/12\/botella-milei1-1024x573.jpg\" alt=\"\" class=\"wp-image-69628\" style=\"width:1068px;height:auto\" srcset=\"https:\/\/www.todoeldia.com\/wp-content\/uploads\/2023\/12\/botella-milei1-1024x573.jpg 1024w, https:\/\/www.todoeldia.com\/wp-content\/uploads\/2023\/12\/botella-milei1-300x168.jpg 300w, https:\/\/www.todoeldia.com\/wp-content\/uploads\/2023\/12\/botella-milei1-768x430.jpg 768w, https:\/\/www.todoeldia.com\/wp-content\/uploads\/2023\/12\/botella-milei1-696x389.jpg 696w, https:\/\/www.todoeldia.com\/wp-content\/uploads\/2023\/12\/botella-milei1-1068x597.jpg 1068w, https:\/\/www.todoeldia.com\/wp-content\/uploads\/2023\/12\/botella-milei1-751x420.jpg 751w, https:\/\/www.todoeldia.com\/wp-content\/uploads\/2023\/12\/botella-milei1.jpg 1105w\" sizes=\"auto, (max-width: 1024px) 100vw, 1024px\" \/><\/figure>\n\n\n\n<p>Ayer por la tarde, un hombre le lanz\u00f3 una botella de vidrio al presidente Javier Milei mientras viajaba junto a su hermana Karina en el convertible Mercedes Benz tras su discurso inaugural en el Congreso, a la altura de Rivadavia y Rodr\u00edguez Pe\u00f1a. El hecho fue filmado por varias c\u00e1maras de testigos. La botella no golpe\u00f3 al primer mandatario, sino a un subcomisario de la Polic\u00eda Federal que recibi\u00f3 un corte menor y fue atendido por m\u00e9dicos en la Casa Rosada.<\/p>\n\n\n\n<p>Hoy por la ma\u00f1ana, la Polic\u00eda de la Ciudad inici\u00f3 una investigaci\u00f3n de oficio que permiti\u00f3 recuperar el video de c\u00e1mara de seguridad que ilustra esta nota. En la filmaci\u00f3n, puede verse en detalle la cara del hombre que lanza la botella. As\u00ed, las im\u00e1genes podr\u00e1n ser presentadas a la Justicia federal, con el juez Ariel Lijo en turno, confirmaron fuentes policiales a Infobae. Los delitos posibles son los de intimidaci\u00f3n p\u00fablica o atentado a la autoridad, adem\u00e1s de las lesiones leves sufridas por el polic\u00eda que era parte de la custodia presidencial.<\/p>\n\n\n\n<figure class=\"wp-block-embed is-type-video is-provider-youtube wp-block-embed-youtube wp-embed-aspect-16-9 wp-has-aspect-ratio\"><div class=\"wp-block-embed__wrapper\">\n<iframe loading=\"lazy\" title=\"Video: as\u00ed fue el momento que le tiraron un botellazo a Javier Milei cuando iba hacia la Casa Rosada\" width=\"696\" height=\"392\" src=\"https:\/\/www.youtube.com\/embed\/szwj8mkJMrw?feature=oembed\" frameborder=\"0\" allow=\"accelerometer; autoplay; clipboard-write; encrypted-media; gyroscope; picture-in-picture; web-share\" allowfullscreen><\/iframe>\n<\/div><\/figure>\n\n\n\n<p>En medio de la marcha ocurri\u00f3 un hecho que pas\u00f3 casi desapercibido pero que pudo ser mucho m\u00e1s grave: una persona del p\u00fablico le tir\u00f3 una botella que pas\u00f3 a pocos cent\u00edmetros de su cabeza.<\/p>\n\n\n\n<figure class=\"wp-block-embed is-type-video is-provider-youtube wp-block-embed-youtube wp-embed-aspect-16-9 wp-has-aspect-ratio\"><div class=\"wp-block-embed__wrapper\">\n<iframe loading=\"lazy\" title=\"El momento de la agresi\u00f3n a Milei; buscan al hombre que le tir\u00f3 el botellazo\" width=\"696\" height=\"392\" src=\"https:\/\/www.youtube.com\/embed\/J4MZ8jJRSAo?feature=oembed\" frameborder=\"0\" allow=\"accelerometer; autoplay; clipboard-write; encrypted-media; gyroscope; picture-in-picture; web-share\" allowfullscreen><\/iframe>\n<\/div><\/figure>\n\n\n\n<p>Si bien los primeros videos mostraban c\u00f3mo la botella pasa cerca del Presidente, pero no logran identificar al agresor, este lunes apareci\u00f3 un nuevo material que revela desde otro lugar qui\u00e9n arroja el elemento contundente.<\/p>\n\n\n\n<p>La situaci\u00f3n se viraliz\u00f3 en redes sociales y gener\u00f3 preocupaci\u00f3n. En el video se ve con claridad que una botella es arrojada desde un costado y pasa a pocos cent\u00edmetros de la cabeza de Milei y de su hermana.<\/p>\n\n\n\n<p><\/p>\n","protected":false},"excerpt":{"rendered":"<p>Luego de que el presidente Javier Milei diera su discurso en las afueras del Congreso, emprendi\u00f3 su marcha hacia la Casa Rosada, en el marco de una caravana en la cual se trasladaba sobre un veh\u00edculo descapotable junto con su hermana Karina. Identificaron al hombre que le lanz\u00f3 una botella al Presidente. Mercanzini en fotos [&hellip;]<\/p>\n","protected":false},"author":2,"featured_media":69624,"comment_status":"open","ping_status":"open","sticky":false,"template":"","format":"standard","meta":{"tdm_status":"","tdm_grid_status":"","_joinchat":[],"footnotes":""},"categories":[63],"tags":[],"class_list":{"0":"post-69623","1":"post","2":"type-post","3":"status-publish","4":"format-standard","5":"has-post-thumbnail","7":"category-policiales"},"amp_enabled":true,"_links":{"self":[{"href":"https:\/\/www.todoeldia.com\/index.php\/wp-json\/wp\/v2\/posts\/69623","targetHints":{"allow":["GET"]}}],"collection":[{"href":"https:\/\/www.todoeldia.com\/index.php\/wp-json\/wp\/v2\/posts"}],"about":[{"href":"https:\/\/www.todoeldia.com\/index.php\/wp-json\/wp\/v2\/types\/post"}],"author":[{"embeddable":true,"href":"https:\/\/www.todoeldia.com\/index.php\/wp-json\/wp\/v2\/users\/2"}],"replies":[{"embeddable":true,"href":"https:\/\/www.todoeldia.com\/index.php\/wp-json\/wp\/v2\/comments?post=69623"}],"version-history":[{"count":4,"href":"https:\/\/www.todoeldia.com\/index.php\/wp-json\/wp\/v2\/posts\/69623\/revisions"}],"predecessor-version":[{"id":69633,"href":"https:\/\/www.todoeldia.com\/index.php\/wp-json\/wp\/v2\/posts\/69623\/revisions\/69633"}],"wp:featuredmedia":[{"embeddable":true,"href":"https:\/\/www.todoeldia.com\/index.php\/wp-json\/wp\/v2\/media\/69624"}],"wp:attachment":[{"href":"https:\/\/www.todoeldia.com\/index.php\/wp-json\/wp\/v2\/media?parent=69623"}],"wp:term":[{"taxonomy":"category","embeddable":true,"href":"https:\/\/www.todoeldia.com\/index.php\/wp-json\/wp\/v2\/categories?post=69623"},{"taxonomy":"post_tag","embeddable":true,"href":"https:\/\/www.todoeldia.com\/index.php\/wp-json\/wp\/v2\/tags?post=69623"}],"curies":[{"name":"wp","href":"https:\/\/api.w.org\/{rel}","templated":true}]}}