{"id":69634,"date":"2023-12-11T12:37:48","date_gmt":"2023-12-11T15:37:48","guid":{"rendered":"https:\/\/www.todoeldia.com\/?p=69634"},"modified":"2023-12-11T12:46:47","modified_gmt":"2023-12-11T15:46:47","slug":"caeran-los-verdaderos-homicidas-castiella-afirmo-que-se-debe-reabrir-la-investigacion-sobre-las-turistas-francesas","status":"publish","type":"post","link":"https:\/\/www.todoeldia.com\/index.php\/2023\/12\/11\/caeran-los-verdaderos-homicidas-castiella-afirmo-que-se-debe-reabrir-la-investigacion-sobre-las-turistas-francesas\/","title":{"rendered":"Liberan hoy a Santos Vera: se reabre la investigaci\u00f3n sobre las turistas francesas"},"content":{"rendered":"\n<p>La semana pasada, la Corte Suprema de Justicia de la Naci\u00f3n dictamin\u00f3 revocar la sentencia sobre Santos Clemente Vera por el crimen de las turistas francesas. Pedro Garc\u00eda Castiella, Procurador General de la Provincia, afirm\u00f3 que debe rehacerse el juicio.<\/p>\n\n\n\n<p>El procurador expres\u00f3 que el fallo de la CSJN \u201cno tuvo sorpresa\u201d y que evidencia que las cosas \u201cse han hecho bastante mal\u201d. En el escrito, el m\u00e1ximo tribunal decidi\u00f3 revocar la sentencia a perpetua que pesaba sobre Santos Clemente Vera por el crimen de las turistas francesas asesinadas en Salta en el invierno de 2011.<\/p>\n\n\n\n<p>\u201cEl fallo no lo declara inocente a Vera, precisamente, porque no va hacia el fondo del asunto. El fallo lo que dice es que se han hecho mal los procedimientos y que el Tribunal de Impugnaci\u00f3n no podr\u00eda haber condenado sin la realizaci\u00f3n de otro juicio\u201d, explic\u00f3.<\/p>\n\n\n\n<p>De esa manera, indic\u00f3 que una \u201clectura sana\u201d de lo que dice el m\u00e1ximo tribunal es que hay que realizar otro juicio. \u201cLo que corresponder\u00eda ser\u00eda reabrir la investigaci\u00f3n e iniciar un nuevo juicio\u201d, dijo.<\/p>\n\n\n\n<p>Nuevo Diario<\/p>\n","protected":false},"excerpt":{"rendered":"<p>La semana pasada, la Corte Suprema de Justicia de la Naci\u00f3n dictamin\u00f3 revocar la sentencia sobre Santos Clemente Vera por el crimen de las turistas francesas. Pedro Garc\u00eda Castiella, Procurador General de la Provincia, afirm\u00f3 que debe rehacerse el juicio. El procurador expres\u00f3 que el fallo de la CSJN \u201cno tuvo sorpresa\u201d y que evidencia [&hellip;]<\/p>\n","protected":false},"author":2,"featured_media":69425,"comment_status":"open","ping_status":"open","sticky":false,"template":"","format":"standard","meta":{"tdm_status":"","tdm_grid_status":"","_joinchat":[],"footnotes":""},"categories":[63],"tags":[],"class_list":{"0":"post-69634","1":"post","2":"type-post","3":"status-publish","4":"format-standard","5":"has-post-thumbnail","7":"category-policiales"},"amp_enabled":true,"_links":{"self":[{"href":"https:\/\/www.todoeldia.com\/index.php\/wp-json\/wp\/v2\/posts\/69634","targetHints":{"allow":["GET"]}}],"collection":[{"href":"https:\/\/www.todoeldia.com\/index.php\/wp-json\/wp\/v2\/posts"}],"about":[{"href":"https:\/\/www.todoeldia.com\/index.php\/wp-json\/wp\/v2\/types\/post"}],"author":[{"embeddable":true,"href":"https:\/\/www.todoeldia.com\/index.php\/wp-json\/wp\/v2\/users\/2"}],"replies":[{"embeddable":true,"href":"https:\/\/www.todoeldia.com\/index.php\/wp-json\/wp\/v2\/comments?post=69634"}],"version-history":[{"count":3,"href":"https:\/\/www.todoeldia.com\/index.php\/wp-json\/wp\/v2\/posts\/69634\/revisions"}],"predecessor-version":[{"id":69642,"href":"https:\/\/www.todoeldia.com\/index.php\/wp-json\/wp\/v2\/posts\/69634\/revisions\/69642"}],"wp:featuredmedia":[{"embeddable":true,"href":"https:\/\/www.todoeldia.com\/index.php\/wp-json\/wp\/v2\/media\/69425"}],"wp:attachment":[{"href":"https:\/\/www.todoeldia.com\/index.php\/wp-json\/wp\/v2\/media?parent=69634"}],"wp:term":[{"taxonomy":"category","embeddable":true,"href":"https:\/\/www.todoeldia.com\/index.php\/wp-json\/wp\/v2\/categories?post=69634"},{"taxonomy":"post_tag","embeddable":true,"href":"https:\/\/www.todoeldia.com\/index.php\/wp-json\/wp\/v2\/tags?post=69634"}],"curies":[{"name":"wp","href":"https:\/\/api.w.org\/{rel}","templated":true}]}}