{"id":69643,"date":"2023-12-11T13:05:32","date_gmt":"2023-12-11T16:05:32","guid":{"rendered":"https:\/\/www.todoeldia.com\/?p=69643"},"modified":"2023-12-11T13:05:34","modified_gmt":"2023-12-11T16:05:34","slug":"quien-es-gaston-mercanzini-el-sujeto-que-le-arrojo-un-botellazo-a-milei-en-la-caravana","status":"publish","type":"post","link":"https:\/\/www.todoeldia.com\/index.php\/2023\/12\/11\/quien-es-gaston-mercanzini-el-sujeto-que-le-arrojo-un-botellazo-a-milei-en-la-caravana\/","title":{"rendered":"Qui\u00e9n es Gast\u00f3n Mercanzini, el sujeto que le arroj\u00f3 un botellazo a Milei en la caravana"},"content":{"rendered":"\n<p>Ocurri\u00f3 este domingo, luego de que el Presidente diera su discurso y emprendiera el camino hacia ese edificio en un auto descapotable. Identificaron al agresor: hab\u00eda sido funcionario.<\/p>\n\n\n\n<p>Luego de que el presidente Javier Milei diera su discurso en las afueras del Congreso, emprendi\u00f3 su marcha hacia la Casa Rosada, en el marco de una caravana en la cual se trasladaba sobre un veh\u00edculo descapotable junto con su hermana Karina.<\/p>\n\n\n\n<p>Luego de que el presidente Javier Milei diera su discurso en las afueras del Congreso, emprendi\u00f3 su marcha hacia la Casa Rosada, en el marco de una caravana en la cual se trasladaba sobre un veh\u00edculo descapotable junto con su hermana Karina.<\/p>\n\n\n\n<p>En medio de la marcha ocurri\u00f3 un hecho que pas\u00f3 casi desapercibido pero que pudo ser mucho m\u00e1s grave: una persona del p\u00fablico le tir\u00f3 una botella que pas\u00f3 a pocos cent\u00edmetros de su cabeza.<\/p>\n\n\n\n<p>Si bien los primeros videos mostraban c\u00f3mo la botella pasa cerca del Presidente, pero no logran identificar al agresor, este lunes apareci\u00f3 un nuevo material que revela desde otro lugar qui\u00e9n arroja el elemento contundente.<\/p>\n\n\n\n<p>De acuerdo con lo informado de manera oficial, gracias a esta filmaci\u00f3n, el sujeto fue individualizado.<\/p>\n\n\n\n<p>Se llama Gast\u00f3n Mercanzini, argentino de 51 a\u00f1os. De acuerdo con lo informado por fuentes policiales, personal del Departamento de Intervenciones R\u00e1pidas de la Polic\u00eda de la Ciudad que se encontraba en servicio en el acto de asunci\u00f3n demor\u00f3 a una persona que era sindicada por los asistentes como que habr\u00eda arrojado un objeto contundente.<\/p>\n","protected":false},"excerpt":{"rendered":"<p>Ocurri\u00f3 este domingo, luego de que el Presidente diera su discurso y emprendiera el camino hacia ese edificio en un auto descapotable. Identificaron al agresor: hab\u00eda sido funcionario. Luego de que el presidente Javier Milei diera su discurso en las afueras del Congreso, emprendi\u00f3 su marcha hacia la Casa Rosada, en el marco de una [&hellip;]<\/p>\n","protected":false},"author":2,"featured_media":69644,"comment_status":"open","ping_status":"open","sticky":false,"template":"","format":"standard","meta":{"tdm_status":"","tdm_grid_status":"","_joinchat":[],"footnotes":""},"categories":[59],"tags":[],"class_list":{"0":"post-69643","1":"post","2":"type-post","3":"status-publish","4":"format-standard","5":"has-post-thumbnail","7":"category-politica"},"amp_enabled":true,"_links":{"self":[{"href":"https:\/\/www.todoeldia.com\/index.php\/wp-json\/wp\/v2\/posts\/69643","targetHints":{"allow":["GET"]}}],"collection":[{"href":"https:\/\/www.todoeldia.com\/index.php\/wp-json\/wp\/v2\/posts"}],"about":[{"href":"https:\/\/www.todoeldia.com\/index.php\/wp-json\/wp\/v2\/types\/post"}],"author":[{"embeddable":true,"href":"https:\/\/www.todoeldia.com\/index.php\/wp-json\/wp\/v2\/users\/2"}],"replies":[{"embeddable":true,"href":"https:\/\/www.todoeldia.com\/index.php\/wp-json\/wp\/v2\/comments?post=69643"}],"version-history":[{"count":1,"href":"https:\/\/www.todoeldia.com\/index.php\/wp-json\/wp\/v2\/posts\/69643\/revisions"}],"predecessor-version":[{"id":69645,"href":"https:\/\/www.todoeldia.com\/index.php\/wp-json\/wp\/v2\/posts\/69643\/revisions\/69645"}],"wp:featuredmedia":[{"embeddable":true,"href":"https:\/\/www.todoeldia.com\/index.php\/wp-json\/wp\/v2\/media\/69644"}],"wp:attachment":[{"href":"https:\/\/www.todoeldia.com\/index.php\/wp-json\/wp\/v2\/media?parent=69643"}],"wp:term":[{"taxonomy":"category","embeddable":true,"href":"https:\/\/www.todoeldia.com\/index.php\/wp-json\/wp\/v2\/categories?post=69643"},{"taxonomy":"post_tag","embeddable":true,"href":"https:\/\/www.todoeldia.com\/index.php\/wp-json\/wp\/v2\/tags?post=69643"}],"curies":[{"name":"wp","href":"https:\/\/api.w.org\/{rel}","templated":true}]}}