{"id":69650,"date":"2023-12-11T15:16:33","date_gmt":"2023-12-11T18:16:33","guid":{"rendered":"https:\/\/www.todoeldia.com\/?p=69650"},"modified":"2023-12-11T15:16:53","modified_gmt":"2023-12-11T18:16:53","slug":"fueron-condenados-los-que-mataron-a-dos-jovenes-corriendo-picadas-en-avenida-del-carnaval","status":"publish","type":"post","link":"https:\/\/www.todoeldia.com\/index.php\/2023\/12\/11\/fueron-condenados-los-que-mataron-a-dos-jovenes-corriendo-picadas-en-avenida-del-carnaval\/","title":{"rendered":"Fueron condenados los que mataron a dos j\u00f3venes corriendo picadas en avenida del Carnaval"},"content":{"rendered":"\n<p>Dos hombres fueron juzgados y condenados por un siniestro vial que provoc\u00f3 la muerte de dos personas tras una prueba de velocidad no autorizada, ocurrida el 10 de diciembre de 2021 en la Avenida del Carnaval.<\/p>\n\n\n\n<p>El fiscal penal de la Unidad de Graves Atentados contra las Personas, Leandro Flores, represent\u00f3 al Ministerio P\u00fablico Fiscal ante la Sala I del Tribunal de Juicio del distrito Centro, en la audiencia de debate contra Leandro Jos\u00e9 Medina y Silvio Mariano Morangiu Di Piazza como coautores del delito de homicidio simple con dolo eventual en perjuicio de dos j\u00f3venes de 21 a\u00f1os.<\/p>\n\n\n\n<p>Durante los alegatos, el fiscal Flores sostuvo la acusaci\u00f3n contra los dos acusados y solicit\u00f3 una pena de 8 a\u00f1os y 6 meses.<\/p>\n\n\n\n<p>El juez Javier Aranibar en el fallo, conden\u00f3 a Medina a la pena de 5 a\u00f1os y 6 meses de prisi\u00f3n e inhabilitaci\u00f3n especial para conducir veh\u00edculos con motor por 9 a\u00f1os como autor del delito de homicidio culposo agravado.<\/p>\n\n\n\n<p>A Morangiu Di Piazza le impuso una pena de 4 a\u00f1os y 6 meses de prisi\u00f3n e inhabilitaci\u00f3n especial para conducir veh\u00edculos con motor por 9 a\u00f1os como autor del delito de homicidio culposo agravado.<\/p>\n\n\n\n<p>Dispuso que ambos condenados permanezcan en libertad hasta tanto quede firme la sentencia, cumpliendo normas de coerci\u00f3n.<\/p>\n\n\n\n<p>El hecho investigado ocurri\u00f3 el 10 de diciembre de 2021 en avenida del Carnaval, zona sur de la ciudad de Salta, cuando dos j\u00f3venes perdieron la vida y un tercero result\u00f3 lesionado luego de correr \u201cpicadas\u201d.<\/p>\n","protected":false},"excerpt":{"rendered":"<p>Dos hombres fueron juzgados y condenados por un siniestro vial que provoc\u00f3 la muerte de dos personas tras una prueba de velocidad no autorizada, ocurrida el 10 de diciembre de 2021 en la Avenida del Carnaval. El fiscal penal de la Unidad de Graves Atentados contra las Personas, Leandro Flores, represent\u00f3 al Ministerio P\u00fablico Fiscal [&hellip;]<\/p>\n","protected":false},"author":2,"featured_media":43806,"comment_status":"open","ping_status":"open","sticky":false,"template":"","format":"standard","meta":{"tdm_status":"","tdm_grid_status":"","_joinchat":[],"footnotes":""},"categories":[63],"tags":[],"class_list":{"0":"post-69650","1":"post","2":"type-post","3":"status-publish","4":"format-standard","5":"has-post-thumbnail","7":"category-policiales"},"amp_enabled":true,"_links":{"self":[{"href":"https:\/\/www.todoeldia.com\/index.php\/wp-json\/wp\/v2\/posts\/69650","targetHints":{"allow":["GET"]}}],"collection":[{"href":"https:\/\/www.todoeldia.com\/index.php\/wp-json\/wp\/v2\/posts"}],"about":[{"href":"https:\/\/www.todoeldia.com\/index.php\/wp-json\/wp\/v2\/types\/post"}],"author":[{"embeddable":true,"href":"https:\/\/www.todoeldia.com\/index.php\/wp-json\/wp\/v2\/users\/2"}],"replies":[{"embeddable":true,"href":"https:\/\/www.todoeldia.com\/index.php\/wp-json\/wp\/v2\/comments?post=69650"}],"version-history":[{"count":1,"href":"https:\/\/www.todoeldia.com\/index.php\/wp-json\/wp\/v2\/posts\/69650\/revisions"}],"predecessor-version":[{"id":69652,"href":"https:\/\/www.todoeldia.com\/index.php\/wp-json\/wp\/v2\/posts\/69650\/revisions\/69652"}],"wp:featuredmedia":[{"embeddable":true,"href":"https:\/\/www.todoeldia.com\/index.php\/wp-json\/wp\/v2\/media\/43806"}],"wp:attachment":[{"href":"https:\/\/www.todoeldia.com\/index.php\/wp-json\/wp\/v2\/media?parent=69650"}],"wp:term":[{"taxonomy":"category","embeddable":true,"href":"https:\/\/www.todoeldia.com\/index.php\/wp-json\/wp\/v2\/categories?post=69650"},{"taxonomy":"post_tag","embeddable":true,"href":"https:\/\/www.todoeldia.com\/index.php\/wp-json\/wp\/v2\/tags?post=69650"}],"curies":[{"name":"wp","href":"https:\/\/api.w.org\/{rel}","templated":true}]}}