{"id":69661,"date":"2023-12-11T18:55:47","date_gmt":"2023-12-11T21:55:47","guid":{"rendered":"https:\/\/www.todoeldia.com\/?p=69661"},"modified":"2023-12-11T18:55:48","modified_gmt":"2023-12-11T21:55:48","slug":"una-madre-denuncio-a-su-hijo-por-amenazas-y-lesiones-rompio-una-puerta-y-tomo-un-cuchillo","status":"publish","type":"post","link":"https:\/\/www.todoeldia.com\/index.php\/2023\/12\/11\/una-madre-denuncio-a-su-hijo-por-amenazas-y-lesiones-rompio-una-puerta-y-tomo-un-cuchillo\/","title":{"rendered":"Una madre denunci\u00f3 a su hijo por amenazas y lesiones: rompi\u00f3 una puerta y tom\u00f3 un cuchillo"},"content":{"rendered":"\n<p>El hombre se present\u00f3 en el domicilio de la mujer y la amenaz\u00f3 con un arma blanca. Forcejearon y la mujer result\u00f3 lesionada al golpear contra una reja.<\/p>\n\n\n\n<p>La fiscal Penal interina de la Fiscal\u00eda de Violencia Familiar y de G\u00e9nero 2, Luj\u00e1n Sodero Calvet, imput\u00f3 provisionalmente a un hombre por los delitos de amenazas con arma, lesiones leves agravadas por el v\u00ednculo y el g\u00e9nero y da\u00f1os, en concurso real.<\/p>\n\n\n\n<p>Durante la audiencia imputativa, la fiscal Sodero Calvet solicit\u00f3 la prisi\u00f3n preventiva del hombre, que se encuentra alojado en la Alcaid\u00eda General de la Ciudad desde el 7 de noviembre de 2023.<\/p>\n\n\n\n<p>El acusado fue denunciado por su madre y su expareja despu\u00e9s de irrumpir de manera violenta en la casa de su madre, exigiendo ver a la mujer. Para proteger a su nuera y nieto, la madre del acusado los encerr\u00f3 en una habitaci\u00f3n e intent\u00f3 calmar a su hijo. Durante el altercado, el hombre tom\u00f3 un cuchillo sierrita y amenaz\u00f3 a su madre. Ambos forcejearon y la mujer result\u00f3 herida en una mano al golpearse contra una reja.<\/p>\n\n\n\n<p>El hombre, que se habr\u00eda encontrado bajo los efectos de sustancias estupefacientes seg\u00fan denunciaron sus familiares, rompi\u00f3 una puerta a patadas, en su intento por llegar a su expareja.<\/p>\n\n\n\n<p>La madre del hombre denunci\u00f3 que su hijo se encuentra en situaci\u00f3n de calle, y teme por la seguridad de su nuera y sus otros hijos.<\/p>\n","protected":false},"excerpt":{"rendered":"<p>El hombre se present\u00f3 en el domicilio de la mujer y la amenaz\u00f3 con un arma blanca. Forcejearon y la mujer result\u00f3 lesionada al golpear contra una reja. La fiscal Penal interina de la Fiscal\u00eda de Violencia Familiar y de G\u00e9nero 2, Luj\u00e1n Sodero Calvet, imput\u00f3 provisionalmente a un hombre por los delitos de amenazas [&hellip;]<\/p>\n","protected":false},"author":2,"featured_media":34265,"comment_status":"open","ping_status":"open","sticky":false,"template":"","format":"standard","meta":{"tdm_status":"","tdm_grid_status":"","_joinchat":[],"footnotes":""},"categories":[63],"tags":[],"class_list":{"0":"post-69661","1":"post","2":"type-post","3":"status-publish","4":"format-standard","5":"has-post-thumbnail","7":"category-policiales"},"amp_enabled":true,"_links":{"self":[{"href":"https:\/\/www.todoeldia.com\/index.php\/wp-json\/wp\/v2\/posts\/69661","targetHints":{"allow":["GET"]}}],"collection":[{"href":"https:\/\/www.todoeldia.com\/index.php\/wp-json\/wp\/v2\/posts"}],"about":[{"href":"https:\/\/www.todoeldia.com\/index.php\/wp-json\/wp\/v2\/types\/post"}],"author":[{"embeddable":true,"href":"https:\/\/www.todoeldia.com\/index.php\/wp-json\/wp\/v2\/users\/2"}],"replies":[{"embeddable":true,"href":"https:\/\/www.todoeldia.com\/index.php\/wp-json\/wp\/v2\/comments?post=69661"}],"version-history":[{"count":1,"href":"https:\/\/www.todoeldia.com\/index.php\/wp-json\/wp\/v2\/posts\/69661\/revisions"}],"predecessor-version":[{"id":69662,"href":"https:\/\/www.todoeldia.com\/index.php\/wp-json\/wp\/v2\/posts\/69661\/revisions\/69662"}],"wp:featuredmedia":[{"embeddable":true,"href":"https:\/\/www.todoeldia.com\/index.php\/wp-json\/wp\/v2\/media\/34265"}],"wp:attachment":[{"href":"https:\/\/www.todoeldia.com\/index.php\/wp-json\/wp\/v2\/media?parent=69661"}],"wp:term":[{"taxonomy":"category","embeddable":true,"href":"https:\/\/www.todoeldia.com\/index.php\/wp-json\/wp\/v2\/categories?post=69661"},{"taxonomy":"post_tag","embeddable":true,"href":"https:\/\/www.todoeldia.com\/index.php\/wp-json\/wp\/v2\/tags?post=69661"}],"curies":[{"name":"wp","href":"https:\/\/api.w.org\/{rel}","templated":true}]}}