{"id":69763,"date":"2023-12-13T15:33:31","date_gmt":"2023-12-13T18:33:31","guid":{"rendered":"https:\/\/www.todoeldia.com\/?p=69763"},"modified":"2023-12-13T15:33:32","modified_gmt":"2023-12-13T18:33:32","slug":"asumio-durand-hace-3-dias-y-ya-sacaron-la-ciclovia-de-la-calle-alvarado","status":"publish","type":"post","link":"https:\/\/www.todoeldia.com\/index.php\/2023\/12\/13\/asumio-durand-hace-3-dias-y-ya-sacaron-la-ciclovia-de-la-calle-alvarado\/","title":{"rendered":"Asumi\u00f3 Durand hace 3 d\u00edas y ya sacaron la ciclov\u00eda de la calle Alvarado"},"content":{"rendered":"\n<p>Sin lugar a dudas fue una de las obras m\u00e1s publicitadas y millonarias de la ex intendenta Bettina Romero.<\/p>\n\n\n\n<p>La Municipalidad inici\u00f3 anoche la remoci\u00f3n de los bloques de cemento de la calle Alvarado que delimitaban la ciclov\u00eda que tantas cr\u00edticas recibi\u00f3 por el poco espacio que quedaba en una calle tan angosta.<\/p>\n\n\n\n<figure class=\"wp-block-image size-full is-resized\"><img loading=\"lazy\" decoding=\"async\" width=\"734\" height=\"461\" src=\"https:\/\/www.todoeldia.com\/wp-content\/uploads\/2023\/12\/ciclovias.jpg\" alt=\"\" class=\"wp-image-69765\" style=\"width:1068px;height:auto\" srcset=\"https:\/\/www.todoeldia.com\/wp-content\/uploads\/2023\/12\/ciclovias.jpg 734w, https:\/\/www.todoeldia.com\/wp-content\/uploads\/2023\/12\/ciclovias-300x188.jpg 300w, https:\/\/www.todoeldia.com\/wp-content\/uploads\/2023\/12\/ciclovias-696x437.jpg 696w, https:\/\/www.todoeldia.com\/wp-content\/uploads\/2023\/12\/ciclovias-669x420.jpg 669w\" sizes=\"auto, (max-width: 734px) 100vw, 734px\" \/><\/figure>\n\n\n\n<p>Tambien ser\u00e1n removidas las de la Avenida Hip\u00f3lito Yrigoyen y Zacar\u00edas Yanci.<\/p>\n","protected":false},"excerpt":{"rendered":"<p>Sin lugar a dudas fue una de las obras m\u00e1s publicitadas y millonarias de la ex intendenta Bettina Romero. La Municipalidad inici\u00f3 anoche la remoci\u00f3n de los bloques de cemento de la calle Alvarado que delimitaban la ciclov\u00eda que tantas cr\u00edticas recibi\u00f3 por el poco espacio que quedaba en una calle tan angosta. Tambien ser\u00e1n [&hellip;]<\/p>\n","protected":false},"author":2,"featured_media":69764,"comment_status":"open","ping_status":"open","sticky":false,"template":"","format":"standard","meta":{"tdm_status":"","tdm_grid_status":"","_joinchat":[],"footnotes":""},"categories":[73],"tags":[],"class_list":{"0":"post-69763","1":"post","2":"type-post","3":"status-publish","4":"format-standard","5":"has-post-thumbnail","7":"category-noticias-general"},"amp_enabled":true,"_links":{"self":[{"href":"https:\/\/www.todoeldia.com\/index.php\/wp-json\/wp\/v2\/posts\/69763","targetHints":{"allow":["GET"]}}],"collection":[{"href":"https:\/\/www.todoeldia.com\/index.php\/wp-json\/wp\/v2\/posts"}],"about":[{"href":"https:\/\/www.todoeldia.com\/index.php\/wp-json\/wp\/v2\/types\/post"}],"author":[{"embeddable":true,"href":"https:\/\/www.todoeldia.com\/index.php\/wp-json\/wp\/v2\/users\/2"}],"replies":[{"embeddable":true,"href":"https:\/\/www.todoeldia.com\/index.php\/wp-json\/wp\/v2\/comments?post=69763"}],"version-history":[{"count":1,"href":"https:\/\/www.todoeldia.com\/index.php\/wp-json\/wp\/v2\/posts\/69763\/revisions"}],"predecessor-version":[{"id":69766,"href":"https:\/\/www.todoeldia.com\/index.php\/wp-json\/wp\/v2\/posts\/69763\/revisions\/69766"}],"wp:featuredmedia":[{"embeddable":true,"href":"https:\/\/www.todoeldia.com\/index.php\/wp-json\/wp\/v2\/media\/69764"}],"wp:attachment":[{"href":"https:\/\/www.todoeldia.com\/index.php\/wp-json\/wp\/v2\/media?parent=69763"}],"wp:term":[{"taxonomy":"category","embeddable":true,"href":"https:\/\/www.todoeldia.com\/index.php\/wp-json\/wp\/v2\/categories?post=69763"},{"taxonomy":"post_tag","embeddable":true,"href":"https:\/\/www.todoeldia.com\/index.php\/wp-json\/wp\/v2\/tags?post=69763"}],"curies":[{"name":"wp","href":"https:\/\/api.w.org\/{rel}","templated":true}]}}