{"id":69772,"date":"2023-12-13T18:43:26","date_gmt":"2023-12-13T21:43:26","guid":{"rendered":"https:\/\/www.todoeldia.com\/?p=69772"},"modified":"2023-12-13T18:43:37","modified_gmt":"2023-12-13T21:43:37","slug":"el-gobierno-de-fernandez-se-despide-con-la-inflacion-mas-alta-de-su-gestion-128-en-noviembre","status":"publish","type":"post","link":"https:\/\/www.todoeldia.com\/index.php\/2023\/12\/13\/el-gobierno-de-fernandez-se-despide-con-la-inflacion-mas-alta-de-su-gestion-128-en-noviembre\/","title":{"rendered":"El gobierno de Fern\u00e1ndez se despide con la inflaci\u00f3n m\u00e1s alta de su gesti\u00f3n: 12,8% en noviembre"},"content":{"rendered":"\n<p>En la medici\u00f3n interanual, los precios llegaron al 160,9%. Super\u00f3 todos los registros de los \u00faltimos cuatro a\u00f1os. Los alimentos subieron un 15,7%.<\/p>\n\n\n\n<p>La inflaci\u00f3n en noviembre lleg\u00f3 al 12,8% y a nivel interanual super\u00f3 el 160%. El dato fue difundido por el Instituto Nacional de Estad\u00edsticas y Censos (Indec).<\/p>\n\n\n\n<p>Adem\u00e1s, en el acumulado en lo que va del a\u00f1o los precios llegaron a un 148,2%.<\/p>\n\n\n\n<p>De esta manera, el IPC nacional volvi\u00f3 a estar por encima de los dos d\u00edgitos luego del \u201cfreno\u201d que se produjo en octubre.<\/p>\n\n\n\n<p>Se trata del registro mensual m\u00e1s alto de la gesti\u00f3n de Alberto Fern\u00e1ndez como presidente.<\/p>\n\n\n\n<p>La divisi\u00f3n de mayor aumento en el mes fue \u201cSalud\u201d (15,9%), producto de las subas en los medicamentos y en las cuotas de empresas de medicina prepaga. Le siguieron \u201cAlimentos y bebidas no alcoh\u00f3licas\u201d (15,7%), que registraron fuertes subas en aguas minerales, bebidas gaseosas y jugos, frutas, y verduras, tub\u00e9rculos y legumbres<\/p>\n\n\n\n<p>Por \u00faltimo, \u201cComunicaci\u00f3n\u201d (15,2%), por los incrementos en servicios de telefon\u00eda m\u00f3vil e internet.<\/p>\n\n\n\n<p>931% DE INFLACI\u00d3N<\/p>\n\n\n\n<p>Con el registro de noviembre, el gobierno del Frente de Todos alcanz\u00f3 una inflaci\u00f3n acumulada del 931% en los cuatro a\u00f1os de gesti\u00f3n.<\/p>\n\n\n\n<p>\u201cLa gesti\u00f3n de Alberto Fern\u00e1ndez culmin\u00f3 con un 931% de Inflaci\u00f3n incluyendo: precios pisados, d\u00f3lar atrasado, emisi\u00f3n r\u00e9cord, y d\u00e9ficit descontrolado\u201d, explic\u00f3 el economista Salvador Vitelli.<\/p>\n","protected":false},"excerpt":{"rendered":"<p>En la medici\u00f3n interanual, los precios llegaron al 160,9%. Super\u00f3 todos los registros de los \u00faltimos cuatro a\u00f1os. Los alimentos subieron un 15,7%. La inflaci\u00f3n en noviembre lleg\u00f3 al 12,8% y a nivel interanual super\u00f3 el 160%. El dato fue difundido por el Instituto Nacional de Estad\u00edsticas y Censos (Indec). Adem\u00e1s, en el acumulado en [&hellip;]<\/p>\n","protected":false},"author":2,"featured_media":69773,"comment_status":"open","ping_status":"open","sticky":false,"template":"","format":"standard","meta":{"tdm_status":"","tdm_grid_status":"","_joinchat":[],"footnotes":""},"categories":[60],"tags":[],"class_list":{"0":"post-69772","1":"post","2":"type-post","3":"status-publish","4":"format-standard","5":"has-post-thumbnail","7":"category-economia"},"amp_enabled":true,"_links":{"self":[{"href":"https:\/\/www.todoeldia.com\/index.php\/wp-json\/wp\/v2\/posts\/69772","targetHints":{"allow":["GET"]}}],"collection":[{"href":"https:\/\/www.todoeldia.com\/index.php\/wp-json\/wp\/v2\/posts"}],"about":[{"href":"https:\/\/www.todoeldia.com\/index.php\/wp-json\/wp\/v2\/types\/post"}],"author":[{"embeddable":true,"href":"https:\/\/www.todoeldia.com\/index.php\/wp-json\/wp\/v2\/users\/2"}],"replies":[{"embeddable":true,"href":"https:\/\/www.todoeldia.com\/index.php\/wp-json\/wp\/v2\/comments?post=69772"}],"version-history":[{"count":1,"href":"https:\/\/www.todoeldia.com\/index.php\/wp-json\/wp\/v2\/posts\/69772\/revisions"}],"predecessor-version":[{"id":69774,"href":"https:\/\/www.todoeldia.com\/index.php\/wp-json\/wp\/v2\/posts\/69772\/revisions\/69774"}],"wp:featuredmedia":[{"embeddable":true,"href":"https:\/\/www.todoeldia.com\/index.php\/wp-json\/wp\/v2\/media\/69773"}],"wp:attachment":[{"href":"https:\/\/www.todoeldia.com\/index.php\/wp-json\/wp\/v2\/media?parent=69772"}],"wp:term":[{"taxonomy":"category","embeddable":true,"href":"https:\/\/www.todoeldia.com\/index.php\/wp-json\/wp\/v2\/categories?post=69772"},{"taxonomy":"post_tag","embeddable":true,"href":"https:\/\/www.todoeldia.com\/index.php\/wp-json\/wp\/v2\/tags?post=69772"}],"curies":[{"name":"wp","href":"https:\/\/api.w.org\/{rel}","templated":true}]}}