{"id":69775,"date":"2023-12-13T19:10:08","date_gmt":"2023-12-13T22:10:08","guid":{"rendered":"https:\/\/www.todoeldia.com\/?p=69775"},"modified":"2023-12-13T19:10:10","modified_gmt":"2023-12-13T22:10:10","slug":"el-materno-infantil-con-el-100-de-camas-ocupadas-por-el-aumento-de-salmonelosis","status":"publish","type":"post","link":"https:\/\/www.todoeldia.com\/index.php\/2023\/12\/13\/el-materno-infantil-con-el-100-de-camas-ocupadas-por-el-aumento-de-salmonelosis\/","title":{"rendered":"El Materno Infantil con el 100 % de camas ocupadas por el aumento de salmonelosis"},"content":{"rendered":"\n<p>El hospital Materno Infantil ha puesto en vigencia un plan de contingencia debido al incremento de los casos de salmonelosis, que ha ocasionado que las camas de internaci\u00f3n est\u00e9n ocupadas casi al 100%.<\/p>\n\n\n\n<p>En este sentido, se adoptaron las siguientes medidas:<\/p>\n\n\n\n<p>Se han suspendido temporalmente las cirug\u00edas que estaban programadas y que requieren el uso de \u00e1reas cr\u00edticas.<\/p>\n\n\n\n<p>En la guardia de emergencias se dar\u00e1 prioridad a los pacientes cuyo cuadro implique situaci\u00f3n de gravedad o complicaciones. Se advierte a la comunidad que por la alta demanda de asistencia es posible que haya demoras en la atenci\u00f3n.<\/p>\n\n\n\n<p>Todo el personal del nosocomio est\u00e1 afectado prioritariamente a la atenci\u00f3n de la contingencia, sin descuidar el normal funcionamiento de los servicios.<\/p>\n\n\n\n<p>El gerente general del hospital Materno Infantil, Esteban Rusinek, inform\u00f3 que las medidas se adoptaron ante la situaci\u00f3n cr\u00edtica derivada de la alta demanda en internaci\u00f3n y consulta externa.<\/p>\n\n\n\n<p>El funcionario dijo que el hospital se encuentra en el l\u00edmite de su capacidad de internaci\u00f3n y con saturaci\u00f3n en las unidades de terapia intensiva e intermedia.<\/p>\n","protected":false},"excerpt":{"rendered":"<p>El hospital Materno Infantil ha puesto en vigencia un plan de contingencia debido al incremento de los casos de salmonelosis, que ha ocasionado que las camas de internaci\u00f3n est\u00e9n ocupadas casi al 100%. En este sentido, se adoptaron las siguientes medidas: Se han suspendido temporalmente las cirug\u00edas que estaban programadas y que requieren el uso [&hellip;]<\/p>\n","protected":false},"author":2,"featured_media":69776,"comment_status":"open","ping_status":"open","sticky":false,"template":"","format":"standard","meta":{"tdm_status":"","tdm_grid_status":"","_joinchat":[],"footnotes":""},"categories":[73],"tags":[],"class_list":{"0":"post-69775","1":"post","2":"type-post","3":"status-publish","4":"format-standard","5":"has-post-thumbnail","7":"category-noticias-general"},"amp_enabled":true,"_links":{"self":[{"href":"https:\/\/www.todoeldia.com\/index.php\/wp-json\/wp\/v2\/posts\/69775","targetHints":{"allow":["GET"]}}],"collection":[{"href":"https:\/\/www.todoeldia.com\/index.php\/wp-json\/wp\/v2\/posts"}],"about":[{"href":"https:\/\/www.todoeldia.com\/index.php\/wp-json\/wp\/v2\/types\/post"}],"author":[{"embeddable":true,"href":"https:\/\/www.todoeldia.com\/index.php\/wp-json\/wp\/v2\/users\/2"}],"replies":[{"embeddable":true,"href":"https:\/\/www.todoeldia.com\/index.php\/wp-json\/wp\/v2\/comments?post=69775"}],"version-history":[{"count":1,"href":"https:\/\/www.todoeldia.com\/index.php\/wp-json\/wp\/v2\/posts\/69775\/revisions"}],"predecessor-version":[{"id":69777,"href":"https:\/\/www.todoeldia.com\/index.php\/wp-json\/wp\/v2\/posts\/69775\/revisions\/69777"}],"wp:featuredmedia":[{"embeddable":true,"href":"https:\/\/www.todoeldia.com\/index.php\/wp-json\/wp\/v2\/media\/69776"}],"wp:attachment":[{"href":"https:\/\/www.todoeldia.com\/index.php\/wp-json\/wp\/v2\/media?parent=69775"}],"wp:term":[{"taxonomy":"category","embeddable":true,"href":"https:\/\/www.todoeldia.com\/index.php\/wp-json\/wp\/v2\/categories?post=69775"},{"taxonomy":"post_tag","embeddable":true,"href":"https:\/\/www.todoeldia.com\/index.php\/wp-json\/wp\/v2\/tags?post=69775"}],"curies":[{"name":"wp","href":"https:\/\/api.w.org\/{rel}","templated":true}]}}