{"id":69787,"date":"2023-12-13T20:05:09","date_gmt":"2023-12-13T23:05:09","guid":{"rendered":"https:\/\/www.todoeldia.com\/?p=69787"},"modified":"2023-12-13T20:05:11","modified_gmt":"2023-12-13T23:05:11","slug":"javier-milei-derogo-el-decreto-que-le-daba-custodia-de-por-vida-a-alberto-fernandez-y-sus-familiares","status":"publish","type":"post","link":"https:\/\/www.todoeldia.com\/index.php\/2023\/12\/13\/javier-milei-derogo-el-decreto-que-le-daba-custodia-de-por-vida-a-alberto-fernandez-y-sus-familiares\/","title":{"rendered":"Javier Milei derog\u00f3 el decreto que le daba custodia &#8220;de por vida&#8221; a Alberto Fern\u00e1ndez y sus familiares"},"content":{"rendered":"\n<p>La ministra de Seguridad, Patricia Bullrich, public\u00f3 la derogaci\u00f3n de un decreto firmado por el expresidente Alberto Fern\u00e1ndez, que le otorgaba la custodia policial de por vida a \u00e9l y a sus familiares.<\/p>\n\n\n\n<figure class=\"wp-block-image size-large\"><img loading=\"lazy\" decoding=\"async\" width=\"1024\" height=\"569\" src=\"https:\/\/www.todoeldia.com\/wp-content\/uploads\/2021\/09\/fabiola-yanez-1-1024x569.jpg\" alt=\"\" class=\"wp-image-27887\" srcset=\"https:\/\/www.todoeldia.com\/wp-content\/uploads\/2021\/09\/fabiola-yanez-1-1024x569.jpg 1024w, https:\/\/www.todoeldia.com\/wp-content\/uploads\/2021\/09\/fabiola-yanez-1-300x167.jpg 300w, https:\/\/www.todoeldia.com\/wp-content\/uploads\/2021\/09\/fabiola-yanez-1-768x427.jpg 768w, https:\/\/www.todoeldia.com\/wp-content\/uploads\/2021\/09\/fabiola-yanez-1-696x387.jpg 696w, https:\/\/www.todoeldia.com\/wp-content\/uploads\/2021\/09\/fabiola-yanez-1-1068x594.jpg 1068w, https:\/\/www.todoeldia.com\/wp-content\/uploads\/2021\/09\/fabiola-yanez-1-756x420.jpg 756w, https:\/\/www.todoeldia.com\/wp-content\/uploads\/2021\/09\/fabiola-yanez-1.jpg 1200w\" sizes=\"auto, (max-width: 1024px) 100vw, 1024px\" \/><\/figure>\n\n\n\n<p>&#8220;SE DEROG\u00d3 EL DECRETO DE CUSTODIA PRESIDENCIAL \u00a1Se terminan los privilegios de la clase pol\u00edtica! Poco antes de terminar su mandato, Alberto Fern\u00e1ndez dict\u00f3 un decreto que le conced\u00eda custodia de por vida a \u00e9l y a sus familiares, incluso afuera del pa\u00eds. Vamos a una Argentina austera. Basta de gastos in\u00fatiles y privilegios para pocos que pagamos todos&#8221;, escribi\u00f3 Bullrich en su cuenta de Twitter.<\/p>\n\n\n\n<figure class=\"wp-block-image size-full is-resized\"><img loading=\"lazy\" decoding=\"async\" width=\"924\" height=\"508\" src=\"https:\/\/www.todoeldia.com\/wp-content\/uploads\/2023\/12\/image-134.png\" alt=\"\" class=\"wp-image-69789\" style=\"width:1068px;height:auto\" srcset=\"https:\/\/www.todoeldia.com\/wp-content\/uploads\/2023\/12\/image-134.png 924w, https:\/\/www.todoeldia.com\/wp-content\/uploads\/2023\/12\/image-134-300x165.png 300w, https:\/\/www.todoeldia.com\/wp-content\/uploads\/2023\/12\/image-134-768x422.png 768w, https:\/\/www.todoeldia.com\/wp-content\/uploads\/2023\/12\/image-134-696x383.png 696w, https:\/\/www.todoeldia.com\/wp-content\/uploads\/2023\/12\/image-134-764x420.png 764w\" sizes=\"auto, (max-width: 924px) 100vw, 924px\" \/><\/figure>\n\n\n\n<p><strong>La custodia tambi\u00e9n era para el hijo de Alberto:  Estanislao, es &#8220;Drag Queen&#8221; y su nombre artistico es Dyhzy<\/strong><\/p>\n\n\n\n<figure class=\"wp-block-image size-large\"><img loading=\"lazy\" decoding=\"async\" width=\"1006\" height=\"1024\" src=\"https:\/\/www.todoeldia.com\/wp-content\/uploads\/2023\/12\/image-133-1006x1024.png\" alt=\"\" class=\"wp-image-69788\" srcset=\"https:\/\/www.todoeldia.com\/wp-content\/uploads\/2023\/12\/image-133-1006x1024.png 1006w, https:\/\/www.todoeldia.com\/wp-content\/uploads\/2023\/12\/image-133-295x300.png 295w, https:\/\/www.todoeldia.com\/wp-content\/uploads\/2023\/12\/image-133-768x782.png 768w, https:\/\/www.todoeldia.com\/wp-content\/uploads\/2023\/12\/image-133-300x305.png 300w, https:\/\/www.todoeldia.com\/wp-content\/uploads\/2023\/12\/image-133-696x709.png 696w, https:\/\/www.todoeldia.com\/wp-content\/uploads\/2023\/12\/image-133-1068x1087.png 1068w, https:\/\/www.todoeldia.com\/wp-content\/uploads\/2023\/12\/image-133-413x420.png 413w, https:\/\/www.todoeldia.com\/wp-content\/uploads\/2023\/12\/image-133.png 1440w\" sizes=\"auto, (max-width: 1006px) 100vw, 1006px\" \/><\/figure>\n","protected":false},"excerpt":{"rendered":"<p>La ministra de Seguridad, Patricia Bullrich, public\u00f3 la derogaci\u00f3n de un decreto firmado por el expresidente Alberto Fern\u00e1ndez, que le otorgaba la custodia policial de por vida a \u00e9l y a sus familiares. &#8220;SE DEROG\u00d3 EL DECRETO DE CUSTODIA PRESIDENCIAL \u00a1Se terminan los privilegios de la clase pol\u00edtica! Poco antes de terminar su mandato, Alberto [&hellip;]<\/p>\n","protected":false},"author":2,"featured_media":68363,"comment_status":"open","ping_status":"open","sticky":false,"template":"","format":"standard","meta":{"tdm_status":"","tdm_grid_status":"","_joinchat":[],"footnotes":""},"categories":[59],"tags":[],"class_list":{"0":"post-69787","1":"post","2":"type-post","3":"status-publish","4":"format-standard","5":"has-post-thumbnail","7":"category-politica"},"amp_enabled":true,"_links":{"self":[{"href":"https:\/\/www.todoeldia.com\/index.php\/wp-json\/wp\/v2\/posts\/69787","targetHints":{"allow":["GET"]}}],"collection":[{"href":"https:\/\/www.todoeldia.com\/index.php\/wp-json\/wp\/v2\/posts"}],"about":[{"href":"https:\/\/www.todoeldia.com\/index.php\/wp-json\/wp\/v2\/types\/post"}],"author":[{"embeddable":true,"href":"https:\/\/www.todoeldia.com\/index.php\/wp-json\/wp\/v2\/users\/2"}],"replies":[{"embeddable":true,"href":"https:\/\/www.todoeldia.com\/index.php\/wp-json\/wp\/v2\/comments?post=69787"}],"version-history":[{"count":1,"href":"https:\/\/www.todoeldia.com\/index.php\/wp-json\/wp\/v2\/posts\/69787\/revisions"}],"predecessor-version":[{"id":69790,"href":"https:\/\/www.todoeldia.com\/index.php\/wp-json\/wp\/v2\/posts\/69787\/revisions\/69790"}],"wp:featuredmedia":[{"embeddable":true,"href":"https:\/\/www.todoeldia.com\/index.php\/wp-json\/wp\/v2\/media\/68363"}],"wp:attachment":[{"href":"https:\/\/www.todoeldia.com\/index.php\/wp-json\/wp\/v2\/media?parent=69787"}],"wp:term":[{"taxonomy":"category","embeddable":true,"href":"https:\/\/www.todoeldia.com\/index.php\/wp-json\/wp\/v2\/categories?post=69787"},{"taxonomy":"post_tag","embeddable":true,"href":"https:\/\/www.todoeldia.com\/index.php\/wp-json\/wp\/v2\/tags?post=69787"}],"curies":[{"name":"wp","href":"https:\/\/api.w.org\/{rel}","templated":true}]}}