{"id":69802,"date":"2023-12-14T10:39:40","date_gmt":"2023-12-14T13:39:40","guid":{"rendered":"https:\/\/www.todoeldia.com\/?p=69802"},"modified":"2023-12-14T10:39:42","modified_gmt":"2023-12-14T13:39:42","slug":"8-anos-a-la-carcel-para-el-conductor-ebrio-que-mato-a-su-primo-que-circulaba-en-moto","status":"publish","type":"post","link":"https:\/\/www.todoeldia.com\/index.php\/2023\/12\/14\/8-anos-a-la-carcel-para-el-conductor-ebrio-que-mato-a-su-primo-que-circulaba-en-moto\/","title":{"rendered":"8 a\u00f1os a la c\u00e1rcel para el conductor ebrio que mat\u00f3 a su primo que circulaba en moto"},"content":{"rendered":"\n<p>Fue un impacto en junio de 2019 con las im\u00e1genes de un video que fue noticia en medios nacionales, cuando el conductor en ebriedad manejaba autom\u00f3vil por ruta 50 desde Aguas Blancas a Or\u00e1n y cruz\u00e1ndose de carril impact\u00f3 de frente contra un motociclista, que termin\u00f3 siendo su primo y que falleci\u00f3 en el lugar.<\/p>\n\n\n\n<p>En juicio abreviado el juez de la Sala I del Tribunal de Juicio de Or\u00e1n, Aldo Primucci conden\u00f3 a un hombre de 42 a\u00f1os por ser autor del delito de homicidio simple con dolo eventual, y le impuso la pena de ocho a\u00f1os de prisi\u00f3n efectiva.<\/p>\n\n\n\n<p>El hecho ocurri\u00f3 en la tarde del 8 de junio de 2019, en ruta nacional 50. El imputado se encontraba en estado de ebriedad y conduc\u00eda un autom\u00f3vil en sentido norte a sur, cuando choc\u00f3 contra una motocicleta en la que se trasladaba su primo en sentido contrario. El joven de 26 a\u00f1os falleci\u00f3 como consecuencia de las lesiones sufridas.<\/p>\n\n\n\n<p>En el fallo se orden\u00f3 su traslado a la Unidad Carcelaria local.<\/p>\n","protected":false},"excerpt":{"rendered":"<p>Fue un impacto en junio de 2019 con las im\u00e1genes de un video que fue noticia en medios nacionales, cuando el conductor en ebriedad manejaba autom\u00f3vil por ruta 50 desde Aguas Blancas a Or\u00e1n y cruz\u00e1ndose de carril impact\u00f3 de frente contra un motociclista, que termin\u00f3 siendo su primo y que falleci\u00f3 en el lugar. [&hellip;]<\/p>\n","protected":false},"author":2,"featured_media":69803,"comment_status":"open","ping_status":"open","sticky":false,"template":"","format":"standard","meta":{"tdm_status":"","tdm_grid_status":"","_joinchat":[],"footnotes":""},"categories":[63],"tags":[],"class_list":{"0":"post-69802","1":"post","2":"type-post","3":"status-publish","4":"format-standard","5":"has-post-thumbnail","7":"category-policiales"},"amp_enabled":true,"_links":{"self":[{"href":"https:\/\/www.todoeldia.com\/index.php\/wp-json\/wp\/v2\/posts\/69802","targetHints":{"allow":["GET"]}}],"collection":[{"href":"https:\/\/www.todoeldia.com\/index.php\/wp-json\/wp\/v2\/posts"}],"about":[{"href":"https:\/\/www.todoeldia.com\/index.php\/wp-json\/wp\/v2\/types\/post"}],"author":[{"embeddable":true,"href":"https:\/\/www.todoeldia.com\/index.php\/wp-json\/wp\/v2\/users\/2"}],"replies":[{"embeddable":true,"href":"https:\/\/www.todoeldia.com\/index.php\/wp-json\/wp\/v2\/comments?post=69802"}],"version-history":[{"count":1,"href":"https:\/\/www.todoeldia.com\/index.php\/wp-json\/wp\/v2\/posts\/69802\/revisions"}],"predecessor-version":[{"id":69804,"href":"https:\/\/www.todoeldia.com\/index.php\/wp-json\/wp\/v2\/posts\/69802\/revisions\/69804"}],"wp:featuredmedia":[{"embeddable":true,"href":"https:\/\/www.todoeldia.com\/index.php\/wp-json\/wp\/v2\/media\/69803"}],"wp:attachment":[{"href":"https:\/\/www.todoeldia.com\/index.php\/wp-json\/wp\/v2\/media?parent=69802"}],"wp:term":[{"taxonomy":"category","embeddable":true,"href":"https:\/\/www.todoeldia.com\/index.php\/wp-json\/wp\/v2\/categories?post=69802"},{"taxonomy":"post_tag","embeddable":true,"href":"https:\/\/www.todoeldia.com\/index.php\/wp-json\/wp\/v2\/tags?post=69802"}],"curies":[{"name":"wp","href":"https:\/\/api.w.org\/{rel}","templated":true}]}}