{"id":69816,"date":"2023-12-14T11:17:38","date_gmt":"2023-12-14T14:17:38","guid":{"rendered":"https:\/\/www.todoeldia.com\/?p=69816"},"modified":"2023-12-14T11:17:40","modified_gmt":"2023-12-14T14:17:40","slug":"melconian-considero-que-el-plan-economico-es-un-ajuste-fiscal-y-cambiario-clasico-y-rudimentario","status":"publish","type":"post","link":"https:\/\/www.todoeldia.com\/index.php\/2023\/12\/14\/melconian-considero-que-el-plan-economico-es-un-ajuste-fiscal-y-cambiario-clasico-y-rudimentario\/","title":{"rendered":"Melconian consider\u00f3 que el plan econ\u00f3mico es un \u201cajuste fiscal y cambiario cl\u00e1sico y rudimentario&#8221;"},"content":{"rendered":"\n<p>Insisti\u00f3 en que propuestas como \u201cla dolarizaci\u00f3n, la liberaci\u00f3n cambiaria y la motosierra no existen m\u00e1s\u201d.<\/p>\n\n\n\n<p>El economista Carlos Melconian cuestion\u00f3 el plan econ\u00f3mico que lanz\u00f3 el Gobierno al considerar que es un \u201cajuste fiscal y cambiario cl\u00e1sico y rudimentario\u201d donde \u201cla mitad es impuestazo y la otra licuaci\u00f3n\u201d.<\/p>\n\n\n\n<p>Melconian hab\u00eda sido propuesto como eventual ministro de Econom\u00eda por la ex candidata a presidente, por Juntos por el Cambio, Patricia Bullrich.<\/p>\n\n\n\n<p>\u201cEsto es un ajuste cambiario y fiscal cl\u00e1sico, rudimentario. No es un programa, es una emergencia. Hay cosas que se anunciaron completas y otras que no se anunciaron\u2026 todo herencia\u201d, se\u00f1al\u00f3 Melconian en di\u00e1logo por Radio Rivadavia.<\/p>\n\n\n\n<p>El economista subray\u00f3 que propuestas como \u201cdolarizaci\u00f3n, liberaci\u00f3n cambiaria, motosierra, no existen m\u00e1s\u201d y sostuvo que eso \u201cno es un problema.<\/p>\n","protected":false},"excerpt":{"rendered":"<p>Insisti\u00f3 en que propuestas como \u201cla dolarizaci\u00f3n, la liberaci\u00f3n cambiaria y la motosierra no existen m\u00e1s\u201d. El economista Carlos Melconian cuestion\u00f3 el plan econ\u00f3mico que lanz\u00f3 el Gobierno al considerar que es un \u201cajuste fiscal y cambiario cl\u00e1sico y rudimentario\u201d donde \u201cla mitad es impuestazo y la otra licuaci\u00f3n\u201d. Melconian hab\u00eda sido propuesto como eventual [&hellip;]<\/p>\n","protected":false},"author":2,"featured_media":27760,"comment_status":"open","ping_status":"open","sticky":false,"template":"","format":"standard","meta":{"tdm_status":"","tdm_grid_status":"","_joinchat":[],"footnotes":""},"categories":[60],"tags":[],"class_list":{"0":"post-69816","1":"post","2":"type-post","3":"status-publish","4":"format-standard","5":"has-post-thumbnail","7":"category-economia"},"amp_enabled":true,"_links":{"self":[{"href":"https:\/\/www.todoeldia.com\/index.php\/wp-json\/wp\/v2\/posts\/69816","targetHints":{"allow":["GET"]}}],"collection":[{"href":"https:\/\/www.todoeldia.com\/index.php\/wp-json\/wp\/v2\/posts"}],"about":[{"href":"https:\/\/www.todoeldia.com\/index.php\/wp-json\/wp\/v2\/types\/post"}],"author":[{"embeddable":true,"href":"https:\/\/www.todoeldia.com\/index.php\/wp-json\/wp\/v2\/users\/2"}],"replies":[{"embeddable":true,"href":"https:\/\/www.todoeldia.com\/index.php\/wp-json\/wp\/v2\/comments?post=69816"}],"version-history":[{"count":1,"href":"https:\/\/www.todoeldia.com\/index.php\/wp-json\/wp\/v2\/posts\/69816\/revisions"}],"predecessor-version":[{"id":69817,"href":"https:\/\/www.todoeldia.com\/index.php\/wp-json\/wp\/v2\/posts\/69816\/revisions\/69817"}],"wp:featuredmedia":[{"embeddable":true,"href":"https:\/\/www.todoeldia.com\/index.php\/wp-json\/wp\/v2\/media\/27760"}],"wp:attachment":[{"href":"https:\/\/www.todoeldia.com\/index.php\/wp-json\/wp\/v2\/media?parent=69816"}],"wp:term":[{"taxonomy":"category","embeddable":true,"href":"https:\/\/www.todoeldia.com\/index.php\/wp-json\/wp\/v2\/categories?post=69816"},{"taxonomy":"post_tag","embeddable":true,"href":"https:\/\/www.todoeldia.com\/index.php\/wp-json\/wp\/v2\/tags?post=69816"}],"curies":[{"name":"wp","href":"https:\/\/api.w.org\/{rel}","templated":true}]}}