{"id":69867,"date":"2023-12-15T11:17:35","date_gmt":"2023-12-15T14:17:35","guid":{"rendered":"https:\/\/www.todoeldia.com\/?p=69867"},"modified":"2023-12-15T11:17:38","modified_gmt":"2023-12-15T14:17:38","slug":"circularan-menos-colectivos-de-saeta-durante-la-noche","status":"publish","type":"post","link":"https:\/\/www.todoeldia.com\/index.php\/2023\/12\/15\/circularan-menos-colectivos-de-saeta-durante-la-noche\/","title":{"rendered":"Circularan menos colectivos de SAETA durante la noche"},"content":{"rendered":"\n<p>El aumento del combustible y la falta de subsidios nacionales son las causas, seg\u00fan explican las operadoras del servicio de transporte en una nota enviada ayer a SAETA.<\/p>\n\n\n\n<p>La Federaci\u00f3n Argentina de Transportadores por Automotor de Pasajeros (FATAP) inform\u00f3 a trav\u00e9s de un comunicado en la jornada de ayer que en el interior del pa\u00eds se hab\u00eda optado por tomar medidas de fuerza que inclu\u00edan la suspensi\u00f3n de los servicios nocturnos desde las 21:30 hasta las 6:00 de la ma\u00f1ana de la siguiente jornada. Adem\u00e1s, tambi\u00e9n anticiparon la reducci\u00f3n de frecuencias.<\/p>\n\n\n\n<p>El conflicto radica en que el gobierno nacional no gir\u00f3 las partidas de subsidios del Fondo Compensador al Transporte de Pasajeros Urbanos y Suburbanos del Interior del Pa\u00eds correspondientes a noviembre, ni tampoco se percibieron los reajustes de partidas que se acordaron durante la gesti\u00f3n de Alberto Fern\u00e1ndez que implicaba un aumento en $2.500 millones de las partidas.<\/p>\n\n\n\n<p>Adem\u00e1s, la devaluaci\u00f3n impulsada por la gesti\u00f3n de Javier Milei llev\u00f3 a que el costo del combustible a precio mayorista, llegando a costar $1.000 el litro, siendo este el principal insumo del sector.<\/p>\n","protected":false},"excerpt":{"rendered":"<p>El aumento del combustible y la falta de subsidios nacionales son las causas, seg\u00fan explican las operadoras del servicio de transporte en una nota enviada ayer a SAETA. La Federaci\u00f3n Argentina de Transportadores por Automotor de Pasajeros (FATAP) inform\u00f3 a trav\u00e9s de un comunicado en la jornada de ayer que en el interior del pa\u00eds [&hellip;]<\/p>\n","protected":false},"author":2,"featured_media":10910,"comment_status":"open","ping_status":"open","sticky":false,"template":"","format":"standard","meta":{"tdm_status":"","tdm_grid_status":"","_joinchat":[],"footnotes":""},"categories":[60],"tags":[],"class_list":{"0":"post-69867","1":"post","2":"type-post","3":"status-publish","4":"format-standard","5":"has-post-thumbnail","7":"category-economia"},"amp_enabled":true,"_links":{"self":[{"href":"https:\/\/www.todoeldia.com\/index.php\/wp-json\/wp\/v2\/posts\/69867","targetHints":{"allow":["GET"]}}],"collection":[{"href":"https:\/\/www.todoeldia.com\/index.php\/wp-json\/wp\/v2\/posts"}],"about":[{"href":"https:\/\/www.todoeldia.com\/index.php\/wp-json\/wp\/v2\/types\/post"}],"author":[{"embeddable":true,"href":"https:\/\/www.todoeldia.com\/index.php\/wp-json\/wp\/v2\/users\/2"}],"replies":[{"embeddable":true,"href":"https:\/\/www.todoeldia.com\/index.php\/wp-json\/wp\/v2\/comments?post=69867"}],"version-history":[{"count":1,"href":"https:\/\/www.todoeldia.com\/index.php\/wp-json\/wp\/v2\/posts\/69867\/revisions"}],"predecessor-version":[{"id":69868,"href":"https:\/\/www.todoeldia.com\/index.php\/wp-json\/wp\/v2\/posts\/69867\/revisions\/69868"}],"wp:featuredmedia":[{"embeddable":true,"href":"https:\/\/www.todoeldia.com\/index.php\/wp-json\/wp\/v2\/media\/10910"}],"wp:attachment":[{"href":"https:\/\/www.todoeldia.com\/index.php\/wp-json\/wp\/v2\/media?parent=69867"}],"wp:term":[{"taxonomy":"category","embeddable":true,"href":"https:\/\/www.todoeldia.com\/index.php\/wp-json\/wp\/v2\/categories?post=69867"},{"taxonomy":"post_tag","embeddable":true,"href":"https:\/\/www.todoeldia.com\/index.php\/wp-json\/wp\/v2\/tags?post=69867"}],"curies":[{"name":"wp","href":"https:\/\/api.w.org\/{rel}","templated":true}]}}