{"id":69879,"date":"2023-12-15T14:44:24","date_gmt":"2023-12-15T17:44:24","guid":{"rendered":"https:\/\/www.todoeldia.com\/?p=69879"},"modified":"2023-12-15T14:44:26","modified_gmt":"2023-12-15T17:44:26","slug":"milei-ordena-vender-los-aviones-de-ypf-incluido-el-que-usaba-cfk","status":"publish","type":"post","link":"https:\/\/www.todoeldia.com\/index.php\/2023\/12\/15\/milei-ordena-vender-los-aviones-de-ypf-incluido-el-que-usaba-cfk\/","title":{"rendered":"Milei ordena vender los aviones de YPF, incluido el que usaba CFK"},"content":{"rendered":"\n<p>Las aeronaves son un Embraer Praetor matr\u00edcula LV-KGJ y otro LearJet, ambos utilizados habitualmente por Cristina Fern\u00e1ndez de Kirchner y Sergio Massa.<\/p>\n\n\n\n<p>El vocero presidencial, Manuel Adorni, inform\u00f3 hoy que el presidente Javier Milei orden\u00f3 la venta de los dos aviones que figuran entre los activos de la petrolera estatal YPF.&nbsp;<\/p>\n\n\n\n<p>Uno de los aviones, un Embraer Praetor matr\u00edcula LV-KGJ, era utilizado habitualmente por Cristina Fern\u00e1ndez de Kirchner para sus traslados desde Buenos Aires hasta El Calafate durante su mandato como vicepresidente.<\/p>\n\n\n\n<p>&#8220;Tomamos la decisi\u00f3n de concretar la venta de dos aviones de la empresa YPF haciendo ejercicio de nuestra posici\u00f3n en el directorio de dos aviones que eran utilizados casi con exclusividad por la pol\u00edtica\u2026por los privilegiados que no queremos que est\u00e9n m\u00e1s por supuesto&#8221;, explic\u00f3 Adorni en conferencia de prensa.<\/p>\n\n\n\n<p>La medida se enmarca dentro del plan de austeridad y reducci\u00f3n del gasto p\u00fablico impulsado por la gesti\u00f3n de Milei, que asumi\u00f3 la presidencia el pasado 10 de diciembre.<\/p>\n","protected":false},"excerpt":{"rendered":"<p>Las aeronaves son un Embraer Praetor matr\u00edcula LV-KGJ y otro LearJet, ambos utilizados habitualmente por Cristina Fern\u00e1ndez de Kirchner y Sergio Massa. El vocero presidencial, Manuel Adorni, inform\u00f3 hoy que el presidente Javier Milei orden\u00f3 la venta de los dos aviones que figuran entre los activos de la petrolera estatal YPF.&nbsp; Uno de los aviones, [&hellip;]<\/p>\n","protected":false},"author":2,"featured_media":69880,"comment_status":"open","ping_status":"open","sticky":false,"template":"","format":"standard","meta":{"tdm_status":"","tdm_grid_status":"","_joinchat":[],"footnotes":""},"categories":[59],"tags":[],"class_list":{"0":"post-69879","1":"post","2":"type-post","3":"status-publish","4":"format-standard","5":"has-post-thumbnail","7":"category-politica"},"amp_enabled":true,"_links":{"self":[{"href":"https:\/\/www.todoeldia.com\/index.php\/wp-json\/wp\/v2\/posts\/69879","targetHints":{"allow":["GET"]}}],"collection":[{"href":"https:\/\/www.todoeldia.com\/index.php\/wp-json\/wp\/v2\/posts"}],"about":[{"href":"https:\/\/www.todoeldia.com\/index.php\/wp-json\/wp\/v2\/types\/post"}],"author":[{"embeddable":true,"href":"https:\/\/www.todoeldia.com\/index.php\/wp-json\/wp\/v2\/users\/2"}],"replies":[{"embeddable":true,"href":"https:\/\/www.todoeldia.com\/index.php\/wp-json\/wp\/v2\/comments?post=69879"}],"version-history":[{"count":1,"href":"https:\/\/www.todoeldia.com\/index.php\/wp-json\/wp\/v2\/posts\/69879\/revisions"}],"predecessor-version":[{"id":69881,"href":"https:\/\/www.todoeldia.com\/index.php\/wp-json\/wp\/v2\/posts\/69879\/revisions\/69881"}],"wp:featuredmedia":[{"embeddable":true,"href":"https:\/\/www.todoeldia.com\/index.php\/wp-json\/wp\/v2\/media\/69880"}],"wp:attachment":[{"href":"https:\/\/www.todoeldia.com\/index.php\/wp-json\/wp\/v2\/media?parent=69879"}],"wp:term":[{"taxonomy":"category","embeddable":true,"href":"https:\/\/www.todoeldia.com\/index.php\/wp-json\/wp\/v2\/categories?post=69879"},{"taxonomy":"post_tag","embeddable":true,"href":"https:\/\/www.todoeldia.com\/index.php\/wp-json\/wp\/v2\/tags?post=69879"}],"curies":[{"name":"wp","href":"https:\/\/api.w.org\/{rel}","templated":true}]}}