{"id":69882,"date":"2023-12-15T14:52:13","date_gmt":"2023-12-15T17:52:13","guid":{"rendered":"https:\/\/www.todoeldia.com\/?p=69882"},"modified":"2023-12-15T14:53:22","modified_gmt":"2023-12-15T17:53:22","slug":"10-anos-de-prision-por-apunalar-gravemente-a-su-ex-esposa","status":"publish","type":"post","link":"https:\/\/www.todoeldia.com\/index.php\/2023\/12\/15\/10-anos-de-prision-por-apunalar-gravemente-a-su-ex-esposa\/","title":{"rendered":"10 a\u00f1os de prisi\u00f3n por apu\u00f1alar gravemente a su ex esposa"},"content":{"rendered":"\n<p>El acusado agredi\u00f3 con un arma blanca a la mujer con la que mantuvo una relaci\u00f3n de pareja, La lesion\u00f3 de gravedad, poniendo en riesgo su vida.<\/p>\n\n\n\n<p>La fiscal penal de la Unidad de Femicidios, M\u00f3nica Poma, represent\u00f3 al Ministerio P\u00fablico Fiscal ante la Sala II del Tribunal de Juicio del distrito Centro, en la audiencia de debate contra un hombre de 34 a\u00f1os como autor del delito de tentativa de homicidio agravado por el v\u00ednculo y por mediar violencia de g\u00e9nero en concurso real con desobediencia judicial.<\/p>\n\n\n\n<p>El hecho juzgado ocurri\u00f3 en octubre de 2022, cuando el acusado lesion\u00f3 a la mujer con la que hab\u00eda estado casado, incumpliendo las medidas de restricci\u00f3n impuestas por hechos anteriores de violencia y tras una discusi\u00f3n, la lesion\u00f3 gravemente con un arma blanca, por lo que debi\u00f3 ser intervenida quir\u00fargicamente de urgencia.<\/p>\n\n\n\n<p>En el veredicto, los jueces \u00c1ngel Amadeo Longarte, Victoria Montoya Quiroga y Eduardo S\u00e1ngari, condenaron al acusado a la pena de 10 a\u00f1os de prisi\u00f3n de ejecuci\u00f3n efectiva.<\/p>\n","protected":false},"excerpt":{"rendered":"<p>El acusado agredi\u00f3 con un arma blanca a la mujer con la que mantuvo una relaci\u00f3n de pareja, La lesion\u00f3 de gravedad, poniendo en riesgo su vida. La fiscal penal de la Unidad de Femicidios, M\u00f3nica Poma, represent\u00f3 al Ministerio P\u00fablico Fiscal ante la Sala II del Tribunal de Juicio del distrito Centro, en la [&hellip;]<\/p>\n","protected":false},"author":2,"featured_media":35476,"comment_status":"open","ping_status":"open","sticky":false,"template":"","format":"standard","meta":{"tdm_status":"","tdm_grid_status":"","_joinchat":[],"footnotes":""},"categories":[63],"tags":[],"class_list":{"0":"post-69882","1":"post","2":"type-post","3":"status-publish","4":"format-standard","5":"has-post-thumbnail","7":"category-policiales"},"amp_enabled":true,"_links":{"self":[{"href":"https:\/\/www.todoeldia.com\/index.php\/wp-json\/wp\/v2\/posts\/69882","targetHints":{"allow":["GET"]}}],"collection":[{"href":"https:\/\/www.todoeldia.com\/index.php\/wp-json\/wp\/v2\/posts"}],"about":[{"href":"https:\/\/www.todoeldia.com\/index.php\/wp-json\/wp\/v2\/types\/post"}],"author":[{"embeddable":true,"href":"https:\/\/www.todoeldia.com\/index.php\/wp-json\/wp\/v2\/users\/2"}],"replies":[{"embeddable":true,"href":"https:\/\/www.todoeldia.com\/index.php\/wp-json\/wp\/v2\/comments?post=69882"}],"version-history":[{"count":1,"href":"https:\/\/www.todoeldia.com\/index.php\/wp-json\/wp\/v2\/posts\/69882\/revisions"}],"predecessor-version":[{"id":69883,"href":"https:\/\/www.todoeldia.com\/index.php\/wp-json\/wp\/v2\/posts\/69882\/revisions\/69883"}],"wp:featuredmedia":[{"embeddable":true,"href":"https:\/\/www.todoeldia.com\/index.php\/wp-json\/wp\/v2\/media\/35476"}],"wp:attachment":[{"href":"https:\/\/www.todoeldia.com\/index.php\/wp-json\/wp\/v2\/media?parent=69882"}],"wp:term":[{"taxonomy":"category","embeddable":true,"href":"https:\/\/www.todoeldia.com\/index.php\/wp-json\/wp\/v2\/categories?post=69882"},{"taxonomy":"post_tag","embeddable":true,"href":"https:\/\/www.todoeldia.com\/index.php\/wp-json\/wp\/v2\/tags?post=69882"}],"curies":[{"name":"wp","href":"https:\/\/api.w.org\/{rel}","templated":true}]}}