{"id":69884,"date":"2023-12-15T14:57:34","date_gmt":"2023-12-15T17:57:34","guid":{"rendered":"https:\/\/www.todoeldia.com\/?p=69884"},"modified":"2023-12-15T14:57:36","modified_gmt":"2023-12-15T17:57:36","slug":"y-la-casta-milei-olmedo-pasea-por-la-rioja-en-su-ferrari-en-medio-de-la-crisis-economica","status":"publish","type":"post","link":"https:\/\/www.todoeldia.com\/index.php\/2023\/12\/15\/y-la-casta-milei-olmedo-pasea-por-la-rioja-en-su-ferrari-en-medio-de-la-crisis-economica\/","title":{"rendered":"\u00bfY la casta Milei? Olmedo pasea por La Rioja en su Ferrari en medio de la crisis econ\u00f3mica"},"content":{"rendered":"\n<p>En un escenario marcado por anuncios de un ajuste despiadado que amenaza con liquidar a los trabajadores, surgi\u00f3 la figura de Olmedo pase\u00e1ndose en su convertible italiano, por las calles de La Rioja, present\u00e1ndose como un s\u00edmbolo de la casta al estilo de los a\u00f1os \u201890.<\/p>\n\n\n\n<p>Sin embargo, tras escudarse en la ret\u00f3rica popular, el empresario del sur salte\u00f1o es protagonista de un juego de intereses que levanta serias preguntas sobre la equidad en las pol\u00edticas de Javier Milei y Luis Caputo.<\/p>\n\n\n\n<p>Las controvertidas medidas de liberaci\u00f3n de precios y estatizaci\u00f3n de deudas privadas lideradas por Caputo no solo han generado un clima de incertidumbre econ\u00f3mica, sino que han desencadenado una serie de favores a los grandes actores, entre ellos, el sojero y actual legislador por La Libertad Avanza.<\/p>\n\n\n\n<p>La conexi\u00f3n directa entre estas pol\u00edticas y los beneficios que ha cosechado Olmedo con las tierras de Salta Forestal revela un entramado de intereses que deja en entredicho su tan proclamada igualdad ante la ley.<\/p>\n\n\n\n<p>No hay que olvidarse que las tierras de Salta Forestal, un recurso estrat\u00e9gico, fueron condonadas al empresario denunciado por trabajo esclavo, consolidando su posici\u00f3n de privilegio, de esta forma amas\u00f3 gran parte de su fortuna, con recursos del Estado salte\u00f1o. Este hecho plantea interrogantes sobre la transparencia en la toma de decisiones y la relaci\u00f3n estrecha entre el poder pol\u00edtico y los intereses privados que tanto se escucharon en \u00e9poca de campa\u00f1a por el sector libertario.<\/p>\n\n\n\n<p>En un momento en el que la ciudadan\u00eda enfrenta las consecuencias de un ajuste draconiano, la opulencia descarada de Olmedo expone la fragilidad de un sistema que, lejos de proteger a los trabajadores, parece estar sirviendo a los intereses de unos pocos que pertenecen a la tan odiada (solo en campa\u00f1a) Casta.<\/p>\n\n\n\n<p>fuente: Diario Info<\/p>\n","protected":false},"excerpt":{"rendered":"<p>En un escenario marcado por anuncios de un ajuste despiadado que amenaza con liquidar a los trabajadores, surgi\u00f3 la figura de Olmedo pase\u00e1ndose en su convertible italiano, por las calles de La Rioja, present\u00e1ndose como un s\u00edmbolo de la casta al estilo de los a\u00f1os \u201890. Sin embargo, tras escudarse en la ret\u00f3rica popular, el [&hellip;]<\/p>\n","protected":false},"author":2,"featured_media":69885,"comment_status":"open","ping_status":"open","sticky":false,"template":"","format":"standard","meta":{"tdm_status":"","tdm_grid_status":"","_joinchat":[],"footnotes":""},"categories":[59],"tags":[],"class_list":{"0":"post-69884","1":"post","2":"type-post","3":"status-publish","4":"format-standard","5":"has-post-thumbnail","7":"category-politica"},"amp_enabled":true,"_links":{"self":[{"href":"https:\/\/www.todoeldia.com\/index.php\/wp-json\/wp\/v2\/posts\/69884","targetHints":{"allow":["GET"]}}],"collection":[{"href":"https:\/\/www.todoeldia.com\/index.php\/wp-json\/wp\/v2\/posts"}],"about":[{"href":"https:\/\/www.todoeldia.com\/index.php\/wp-json\/wp\/v2\/types\/post"}],"author":[{"embeddable":true,"href":"https:\/\/www.todoeldia.com\/index.php\/wp-json\/wp\/v2\/users\/2"}],"replies":[{"embeddable":true,"href":"https:\/\/www.todoeldia.com\/index.php\/wp-json\/wp\/v2\/comments?post=69884"}],"version-history":[{"count":1,"href":"https:\/\/www.todoeldia.com\/index.php\/wp-json\/wp\/v2\/posts\/69884\/revisions"}],"predecessor-version":[{"id":69886,"href":"https:\/\/www.todoeldia.com\/index.php\/wp-json\/wp\/v2\/posts\/69884\/revisions\/69886"}],"wp:featuredmedia":[{"embeddable":true,"href":"https:\/\/www.todoeldia.com\/index.php\/wp-json\/wp\/v2\/media\/69885"}],"wp:attachment":[{"href":"https:\/\/www.todoeldia.com\/index.php\/wp-json\/wp\/v2\/media?parent=69884"}],"wp:term":[{"taxonomy":"category","embeddable":true,"href":"https:\/\/www.todoeldia.com\/index.php\/wp-json\/wp\/v2\/categories?post=69884"},{"taxonomy":"post_tag","embeddable":true,"href":"https:\/\/www.todoeldia.com\/index.php\/wp-json\/wp\/v2\/tags?post=69884"}],"curies":[{"name":"wp","href":"https:\/\/api.w.org\/{rel}","templated":true}]}}