{"id":69894,"date":"2023-12-16T12:29:30","date_gmt":"2023-12-16T15:29:30","guid":{"rendered":"https:\/\/www.todoeldia.com\/?p=69894"},"modified":"2023-12-16T12:29:32","modified_gmt":"2023-12-16T15:29:32","slug":"una-de-las-enfermeras-era-la-autora-de-los-robos-en-un-centro-medico-en-la-hipolito-yrigoyen","status":"publish","type":"post","link":"https:\/\/www.todoeldia.com\/index.php\/2023\/12\/16\/una-de-las-enfermeras-era-la-autora-de-los-robos-en-un-centro-medico-en-la-hipolito-yrigoyen\/","title":{"rendered":"Una de las enfermeras era la autora de los robos en un centro m\u00e9dico en la Hip\u00f3lito Yrigoyen"},"content":{"rendered":"\n<p>La Direcci\u00f3n General de Investigaciones, logr\u00f3 detener a una mujer que result\u00f3 ser la autora de unos robos llevados a cabo en noviembre en un centro m\u00e9dico.<\/p>\n\n\n\n<p>La investigaci\u00f3n se inici\u00f3 en noviembre con la denuncia de un encargado del lugar, quien dio cuenta que personas desconocidas hab\u00edan ingresado al centro m\u00e9dico privado ubicado en avenida Hip\u00f3lito Irigoyen y sustrajeron diversos elementos.<\/p>\n\n\n\n<p>Es por ello que el Grupo Investigativo de Unidad Regional N\u00b0 1 perteneciente al Sector 3B, iniciaron una serie de tareas en las que se destaca el an\u00e1lisis de c\u00e1maras de seguridad y relevamiento del lugar, que permitieron vincular a una mujer de 55 a\u00f1os que se desempe\u00f1aba como enfermera.<\/p>\n\n\n\n<p>Tras obtener los datos de la residencia, los investigadores efectuaron una requisa logrando recuperar diversos elementos que hab\u00edan sido denunciados como sustra\u00eddos; sillas pl\u00e1sticas y de hierro, dos puertas, una ventana y un termo tanque y entre otros elementos.<\/p>\n\n\n\n<p>Lo secuestrado y la demorada quedaron a disposici\u00f3n de la Fiscal Penal N\u00b0 4.<\/p>\n","protected":false},"excerpt":{"rendered":"<p>La Direcci\u00f3n General de Investigaciones, logr\u00f3 detener a una mujer que result\u00f3 ser la autora de unos robos llevados a cabo en noviembre en un centro m\u00e9dico. La investigaci\u00f3n se inici\u00f3 en noviembre con la denuncia de un encargado del lugar, quien dio cuenta que personas desconocidas hab\u00edan ingresado al centro m\u00e9dico privado ubicado en [&hellip;]<\/p>\n","protected":false},"author":2,"featured_media":69895,"comment_status":"open","ping_status":"open","sticky":false,"template":"","format":"standard","meta":{"tdm_status":"","tdm_grid_status":"","_joinchat":[],"footnotes":""},"categories":[63],"tags":[],"class_list":{"0":"post-69894","1":"post","2":"type-post","3":"status-publish","4":"format-standard","5":"has-post-thumbnail","7":"category-policiales"},"amp_enabled":true,"_links":{"self":[{"href":"https:\/\/www.todoeldia.com\/index.php\/wp-json\/wp\/v2\/posts\/69894","targetHints":{"allow":["GET"]}}],"collection":[{"href":"https:\/\/www.todoeldia.com\/index.php\/wp-json\/wp\/v2\/posts"}],"about":[{"href":"https:\/\/www.todoeldia.com\/index.php\/wp-json\/wp\/v2\/types\/post"}],"author":[{"embeddable":true,"href":"https:\/\/www.todoeldia.com\/index.php\/wp-json\/wp\/v2\/users\/2"}],"replies":[{"embeddable":true,"href":"https:\/\/www.todoeldia.com\/index.php\/wp-json\/wp\/v2\/comments?post=69894"}],"version-history":[{"count":1,"href":"https:\/\/www.todoeldia.com\/index.php\/wp-json\/wp\/v2\/posts\/69894\/revisions"}],"predecessor-version":[{"id":69896,"href":"https:\/\/www.todoeldia.com\/index.php\/wp-json\/wp\/v2\/posts\/69894\/revisions\/69896"}],"wp:featuredmedia":[{"embeddable":true,"href":"https:\/\/www.todoeldia.com\/index.php\/wp-json\/wp\/v2\/media\/69895"}],"wp:attachment":[{"href":"https:\/\/www.todoeldia.com\/index.php\/wp-json\/wp\/v2\/media?parent=69894"}],"wp:term":[{"taxonomy":"category","embeddable":true,"href":"https:\/\/www.todoeldia.com\/index.php\/wp-json\/wp\/v2\/categories?post=69894"},{"taxonomy":"post_tag","embeddable":true,"href":"https:\/\/www.todoeldia.com\/index.php\/wp-json\/wp\/v2\/tags?post=69894"}],"curies":[{"name":"wp","href":"https:\/\/api.w.org\/{rel}","templated":true}]}}