{"id":69931,"date":"2023-12-18T17:30:59","date_gmt":"2023-12-18T20:30:59","guid":{"rendered":"https:\/\/www.todoeldia.com\/?p=69931"},"modified":"2023-12-18T17:30:59","modified_gmt":"2023-12-18T20:30:59","slug":"pettovello-confirmo-que-no-cobraran-los-planes-quienes-participen-de-marchas-y-corten-calles","status":"publish","type":"post","link":"https:\/\/www.todoeldia.com\/index.php\/2023\/12\/18\/pettovello-confirmo-que-no-cobraran-los-planes-quienes-participen-de-marchas-y-corten-calles\/","title":{"rendered":"Pettovello confirm\u00f3 que no cobrar\u00e1n los planes  quienes participen de marchas y corten calles"},"content":{"rendered":"\n<p>La ministra de Capital Humano, Sandra Pettovello, anticip\u00f3 que se auditar\u00e1 a todas las organizaciones para \u201celiminar la intermediaci\u00f3n\u201d. En un mensaje grabado, la funcionaria asegur\u00f3: \u201cManifestarse es un derecho, pero tambi\u00e9n lo es circular libremente\u201d.<\/p>\n\n\n\n<p>La ministra de Capital Humano, Sandra Pettovello, anunci\u00f3 esta tarde un paquete de medidas vinculadas a la pol\u00edtica social. Una de las m\u00e1s fuertes tiene que ver con la suspensi\u00f3n de los planes sociales a todas aquellas personas que participen de piquetes y corten calles.<\/p>\n\n\n\n<p>\u201cManifestarse es un derecho, pero tambi\u00e9n lo es circular libremente\u201d, dijo la funcionaria en un mensaje grabado. \u201cLos \u00fanicos que no van a cobrar el plan son los que vayan a la marcha y corten la calle. Ya lo dijo el Presidente (Javier Milei): el que corta no cobra\u201d, indic\u00f3.<\/p>\n\n\n\n<p>Las principales medidas anunciadas por Sandra Pettovello<\/p>\n\n\n\n<p>Todos aquellos que hayan promovido, instigado, organizado o participado de los cortes, perder\u00e1n todo tipo de di\u00e1logo con el Ministerio de Capital Humano.<\/p>\n\n\n\n<p>Comenzaremos a auditar a todas las organizaciones que entreguen planes sociales. Se iniciar\u00e1 un proceso para la eliminaci\u00f3n de la intermediaci\u00f3n.<\/p>\n\n\n\n<p>Los beneficiarios de los planes deben saber que nadie puede obligarlos a ir a una marcha con la amenaza de darle de baja al plan, motivo por el cual se suspender\u00e1 el control de presencialidad que dan las Organizaciones Sociales.<\/p>\n\n\n\n<p>Los \u00fanicos que no van a cobrar el plan, ser\u00e1n quienes vayan a las marchas y corten las calles.<\/p>\n\n\n\n<p>Quienes sufran la extorsi\u00f3n de participar en las marchas, podr\u00e1n denunciarlo a trav\u00e9s de la l\u00ednea 138.<\/p>\n\n\n\n<p>Queremos llevar la tranquilidad de que vamos a acompa\u00f1ar a los m\u00e1s vulnerables en esta dif\u00edcil situaci\u00f3n que nos dej\u00f3 el gobierno que se acaba de ir.<\/p>\n","protected":false},"excerpt":{"rendered":"<p>La ministra de Capital Humano, Sandra Pettovello, anticip\u00f3 que se auditar\u00e1 a todas las organizaciones para \u201celiminar la intermediaci\u00f3n\u201d. En un mensaje grabado, la funcionaria asegur\u00f3: \u201cManifestarse es un derecho, pero tambi\u00e9n lo es circular libremente\u201d. La ministra de Capital Humano, Sandra Pettovello, anunci\u00f3 esta tarde un paquete de medidas vinculadas a la pol\u00edtica social. [&hellip;]<\/p>\n","protected":false},"author":2,"featured_media":49397,"comment_status":"open","ping_status":"open","sticky":false,"template":"","format":"standard","meta":{"tdm_status":"","tdm_grid_status":"","_joinchat":[],"footnotes":""},"categories":[59],"tags":[],"class_list":{"0":"post-69931","1":"post","2":"type-post","3":"status-publish","4":"format-standard","5":"has-post-thumbnail","7":"category-politica"},"amp_enabled":true,"_links":{"self":[{"href":"https:\/\/www.todoeldia.com\/index.php\/wp-json\/wp\/v2\/posts\/69931","targetHints":{"allow":["GET"]}}],"collection":[{"href":"https:\/\/www.todoeldia.com\/index.php\/wp-json\/wp\/v2\/posts"}],"about":[{"href":"https:\/\/www.todoeldia.com\/index.php\/wp-json\/wp\/v2\/types\/post"}],"author":[{"embeddable":true,"href":"https:\/\/www.todoeldia.com\/index.php\/wp-json\/wp\/v2\/users\/2"}],"replies":[{"embeddable":true,"href":"https:\/\/www.todoeldia.com\/index.php\/wp-json\/wp\/v2\/comments?post=69931"}],"version-history":[{"count":1,"href":"https:\/\/www.todoeldia.com\/index.php\/wp-json\/wp\/v2\/posts\/69931\/revisions"}],"predecessor-version":[{"id":69932,"href":"https:\/\/www.todoeldia.com\/index.php\/wp-json\/wp\/v2\/posts\/69931\/revisions\/69932"}],"wp:featuredmedia":[{"embeddable":true,"href":"https:\/\/www.todoeldia.com\/index.php\/wp-json\/wp\/v2\/media\/49397"}],"wp:attachment":[{"href":"https:\/\/www.todoeldia.com\/index.php\/wp-json\/wp\/v2\/media?parent=69931"}],"wp:term":[{"taxonomy":"category","embeddable":true,"href":"https:\/\/www.todoeldia.com\/index.php\/wp-json\/wp\/v2\/categories?post=69931"},{"taxonomy":"post_tag","embeddable":true,"href":"https:\/\/www.todoeldia.com\/index.php\/wp-json\/wp\/v2\/tags?post=69931"}],"curies":[{"name":"wp","href":"https:\/\/api.w.org\/{rel}","templated":true}]}}