{"id":69939,"date":"2023-12-18T18:13:50","date_gmt":"2023-12-18T21:13:50","guid":{"rendered":"https:\/\/www.todoeldia.com\/?p=69939"},"modified":"2023-12-18T18:13:50","modified_gmt":"2023-12-18T21:13:50","slug":"escandalo-en-el-servicio-penitenciario-de-san-luis-por-una-banda-narco-que-operaba-desde-la-carcel","status":"publish","type":"post","link":"https:\/\/www.todoeldia.com\/index.php\/2023\/12\/18\/escandalo-en-el-servicio-penitenciario-de-san-luis-por-una-banda-narco-que-operaba-desde-la-carcel\/","title":{"rendered":"Esc\u00e1ndalo en el Servicio Penitenciario de San Luis por una banda narco que operaba desde la c\u00e1rcel"},"content":{"rendered":"\n<p>Tanto al jefe como a los otros nueve miembros se les imput\u00f3 el transporte y posterior comercializaci\u00f3n de estupefacientes y el consecuente lavado de activos de origen il\u00edcito. El caso tambi\u00e9n involucra a dos funcionarios del servicio penitenciario provincial, que fueron detenidos y procesados por incumplimiento de sus deberes y por haber recibido d\u00e1divas.<\/p>\n\n\n\n<p>El Juzgado Federal de San Luis proces\u00f3 el martes pasado a diez personas por su participaci\u00f3n en una organizaci\u00f3n criminal dedicada al tr\u00e1fico de estupefacientes y al posterior lavado de activos de origen il\u00edcito. De acuerdo a la investigaci\u00f3n, el l\u00edder manejaba la banda desde su lugar de detenci\u00f3n, por lo que tambi\u00e9n se proces\u00f3 a dos funcionarios del Servicio Penitenciario Provincial de San Luis. El pedido de procesamiento hab\u00eda sido realizado de manera conjunta por la Fiscal\u00eda Federal de San Luis, a cargo de Cristian Rachid, y la Procuradur\u00eda de Narcocriminalidad (PROCUNAR), cuyo titular es Diego Iglesias.<\/p>\n\n\n\n<p>Tras la investigaci\u00f3n llevada adelante por el MPF, el juez federal Juan Esteban Maqueda dict\u00f3 el procesamiento con prisi\u00f3n preventiva del l\u00edder y los diferentes miembros de la organizaci\u00f3n al se\u00f1alarlos como responsables de los delitos de &#8220;transporte y comercio de estupefacientes agravado por la intervenci\u00f3n de tres o m\u00e1s personas organizadas para cometerlo, lavado de activos de origen il\u00edcito y cohecho agravado&#8221;. Tambi\u00e9n fueron detenidos y procesados los miembros del servicio penitenciario por &#8220;el transporte de estupefacientes agravado por intervenir en su comisi\u00f3n tres o m\u00e1s personas organizadas&#8221;, por incumplimiento de sus deberes de funcionario p\u00fablico y por el cobro de d\u00e1divas.<\/p>\n\n\n\n<p>El caso<\/p>\n\n\n\n<p>La causa se inici\u00f3 el 31 de agosto de este a\u00f1o, cuando la Polic\u00eda de Seguridad Aeroportuaria detuvo en la provincia de Jujuy a una persona que estaba por entregar un bolso con m\u00e1s de cinco kilos de coca\u00edna y que ten\u00eda como destino final la ciudad de Villa Mercedes. Esto desencaden\u00f3 una serie de allanamientos en esa ciudad, donde se detuvo a otras tres personas, adem\u00e1s de incautarse estupefacientes, armas de fuego, veh\u00edculos y dinero en efectivo.<\/p>\n\n\n\n<p>A partir de estos operativos, y bajo la sospecha de que manejaba la organizaci\u00f3n desde su lugar de confinamiento, se dispuso tambi\u00e9n el allanamiento de la celda del principal acusado, que se encontraba alojado en la Unidad Penitenciaria 1 de San Luis. All\u00ed se hallaron elementos prohibidos y funcionales a la actividad criminal que habr\u00eda desplegado desde su lugar de alojamiento: de acuerdo a la investigaci\u00f3n, ten\u00eda montada &#8220;una oficina&#8221; en la que se hall\u00f3 material estupefaciente, tel\u00e9fonos celulares, una notebook, pendrives, cuadernos y carpetas con documentaci\u00f3n, un talonario de pagar\u00e9s y hasta una balanza de precisi\u00f3n.<\/p>\n\n\n\n<p>Los representantes del Ministerio P\u00fablico Fiscal sostuvieron que la actividad del l\u00edder de la organizaci\u00f3n fue posible gracias a la participaci\u00f3n del alcalde penitenciario y del adjutor principal, ambos funcionarios del servicio penitenciario quienes tras la supuesta obtenci\u00f3n de d\u00e1divas, incurrieron en un incumplimiento de sus deberes funcionales en favor del principal acusado y tambi\u00e9n de otros integrantes de la sociedad criminal, que recib\u00edan un trato preferencial dentro de la Unidad Penitenciaria al momento de las visitas.<\/p>\n","protected":false},"excerpt":{"rendered":"<p>Tanto al jefe como a los otros nueve miembros se les imput\u00f3 el transporte y posterior comercializaci\u00f3n de estupefacientes y el consecuente lavado de activos de origen il\u00edcito. El caso tambi\u00e9n involucra a dos funcionarios del servicio penitenciario provincial, que fueron detenidos y procesados por incumplimiento de sus deberes y por haber recibido d\u00e1divas. El [&hellip;]<\/p>\n","protected":false},"author":2,"featured_media":69940,"comment_status":"open","ping_status":"open","sticky":false,"template":"","format":"standard","meta":{"tdm_status":"","tdm_grid_status":"","_joinchat":[],"footnotes":""},"categories":[63],"tags":[],"class_list":{"0":"post-69939","1":"post","2":"type-post","3":"status-publish","4":"format-standard","5":"has-post-thumbnail","7":"category-policiales"},"amp_enabled":true,"_links":{"self":[{"href":"https:\/\/www.todoeldia.com\/index.php\/wp-json\/wp\/v2\/posts\/69939","targetHints":{"allow":["GET"]}}],"collection":[{"href":"https:\/\/www.todoeldia.com\/index.php\/wp-json\/wp\/v2\/posts"}],"about":[{"href":"https:\/\/www.todoeldia.com\/index.php\/wp-json\/wp\/v2\/types\/post"}],"author":[{"embeddable":true,"href":"https:\/\/www.todoeldia.com\/index.php\/wp-json\/wp\/v2\/users\/2"}],"replies":[{"embeddable":true,"href":"https:\/\/www.todoeldia.com\/index.php\/wp-json\/wp\/v2\/comments?post=69939"}],"version-history":[{"count":1,"href":"https:\/\/www.todoeldia.com\/index.php\/wp-json\/wp\/v2\/posts\/69939\/revisions"}],"predecessor-version":[{"id":69941,"href":"https:\/\/www.todoeldia.com\/index.php\/wp-json\/wp\/v2\/posts\/69939\/revisions\/69941"}],"wp:featuredmedia":[{"embeddable":true,"href":"https:\/\/www.todoeldia.com\/index.php\/wp-json\/wp\/v2\/media\/69940"}],"wp:attachment":[{"href":"https:\/\/www.todoeldia.com\/index.php\/wp-json\/wp\/v2\/media?parent=69939"}],"wp:term":[{"taxonomy":"category","embeddable":true,"href":"https:\/\/www.todoeldia.com\/index.php\/wp-json\/wp\/v2\/categories?post=69939"},{"taxonomy":"post_tag","embeddable":true,"href":"https:\/\/www.todoeldia.com\/index.php\/wp-json\/wp\/v2\/tags?post=69939"}],"curies":[{"name":"wp","href":"https:\/\/api.w.org\/{rel}","templated":true}]}}